{"id":6087,"date":"2022-11-02T17:28:17","date_gmt":"2022-11-02T16:28:17","guid":{"rendered":"http:\/\/www.sav-torgelow-ringen.de\/RV%20MV2\/wordpress_341-de\/wordpress\/?p=6087"},"modified":"2022-11-02T17:30:07","modified_gmt":"2022-11-02T16:30:07","slug":"ringerverband-mit-neuwahlen-beim-verbandstag","status":"publish","type":"post","link":"https:\/\/www.ringen-mv.de\/?p=6087","title":{"rendered":"Ringerverband mit Neuwahlen beim Verbandstag"},"content":{"rendered":"<div><a href=\"http:\/\/www.ringen-mv.de\/wp-content\/uploads\/2022\/11\/20221029_151612.jpg\"><img loading=\"lazy\" decoding=\"async\" class=\"alignleft size-medium wp-image-6088\" src=\"http:\/\/www.ringen-mv.de\/wp-content\/uploads\/2022\/11\/20221029_151612-300x150.jpg\" alt=\"\" width=\"300\" height=\"150\" srcset=\"https:\/\/www.ringen-mv.de\/wp-content\/uploads\/2022\/11\/20221029_151612-300x150.jpg 300w, https:\/\/www.ringen-mv.de\/wp-content\/uploads\/2022\/11\/20221029_151612-768x385.jpg 768w, https:\/\/www.ringen-mv.de\/wp-content\/uploads\/2022\/11\/20221029_151612.jpg 1024w\" sizes=\"auto, (max-width: 300px) 100vw, 300px\" \/><\/a>Der Ringerverband Mecklenburg-Vorpommern richtete am 29. Oktober 2022 seinen Verbandstag und den damit verbundenen Pr\u00e4sidiumswahlen durch.<\/div>\n<div>Neben den Pr\u00e4sidiumsmitgliedern waren auch Vertreter aller<\/div>\n<div>10 bestehenden Ringervereine des Landes anwesend.<\/div>\n<p><!--more--><\/p>\n<div>Nach den letzten 2 Jahren als Onlinemeetings abgehaltenen Versammlungen war man froh sich endlich wieder in pr\u00e4senter Form austauschen zu k\u00f6nnen.<\/div>\n<div>Viele Themen wie die sportlichen Erfolge, die finanzielle Absicherung, Kampfrichterausbildung, Trainert\u00e4tigkeiten und vieles mehr lie\u00dfen den Verbandstag dann doch einige Stunden andauern.<\/div>\n<p><!--more-->Zugleich wurde aber auch \u00fcber die enge Zusammenarbeit mit den Nachbarverb\u00e4nden Berlin und Brandenburg beraten.<\/p>\n<div>Nach der Entlastung des alten Pr\u00e4sidiums wurde dann das neue Pr\u00e4sidium f\u00fcr die n\u00e4chsten 5 Jahre gew\u00e4hlt.<\/div>\n<div>Auf alle F\u00e4lle will man wieder enger zusammenr\u00fccken, um gemeinsam den Ringkampfsport zu f\u00f6rdern.<\/div>\n<div><\/div>\n<div><\/div>\n<table border=\"0\" width=\"0\" cellspacing=\"0\" cellpadding=\"0\">\n<tbody>\n<tr>\n<td valign=\"bottom\" width=\"59.245960502692995%\">\n<div>Pr\u00e4sident\/Pressereferent<\/div>\n<\/td>\n<td valign=\"bottom\" width=\"22.082585278276483%\">\n<div>Bremer<\/div>\n<\/td>\n<td valign=\"bottom\" width=\"18.671454219030522%\">\n<div>Uwe<\/div>\n<\/td>\n<\/tr>\n<tr>\n<td valign=\"bottom\" width=\"59.245960502692995%\">\n<div>Vizepr\u00e4sident Sport\/Aus- und Fortbildung<\/div>\n<\/td>\n<td valign=\"bottom\" width=\"22.082585278276483%\">\n<div>Wallmuth<\/div>\n<\/td>\n<td valign=\"bottom\" width=\"18.671454219030522%\">\n<div>Eckhardt<\/div>\n<\/td>\n<\/tr>\n<tr>\n<td valign=\"bottom\" width=\"59.245960502692995%\">\n<div>Vizepr\u00e4sident Finanzen<\/div>\n<\/td>\n<td valign=\"bottom\" width=\"22.082585278276483%\">\n<div>Hoth<\/div>\n<\/td>\n<td valign=\"bottom\" width=\"18.671454219030522%\">\n<div>Doreen<\/div>\n<\/td>\n<\/tr>\n<tr>\n<td valign=\"bottom\" width=\"59.245960502692995%\">\n<div>Pass- und Meldestelle<\/div>\n<\/td>\n<td valign=\"bottom\" width=\"22.082585278276483%\">\n<div>Brauer<\/div>\n<\/td>\n<td valign=\"bottom\" width=\"18.671454219030522%\">\n<div>Anja<\/div>\n<\/td>\n<\/tr>\n<tr>\n<td valign=\"bottom\" width=\"59.245960502692995%\">\n<div>Landestrainer\/Frauenreferent<\/div>\n<\/td>\n<td valign=\"bottom\" width=\"22.082585278276483%\">\n<div>Gallinat<\/div>\n<\/td>\n<td valign=\"bottom\" width=\"18.671454219030522%\">\n<div>Benno<\/div>\n<\/td>\n<\/tr>\n<tr>\n<td valign=\"bottom\" width=\"59.245960502692995%\">\n<div>Ehrenpr\u00e4sident<\/div>\n<\/td>\n<td valign=\"bottom\" width=\"22.082585278276483%\">\n<div>Weinhold<\/div>\n<\/td>\n<td valign=\"bottom\" width=\"18.671454219030522%\">\n<div>Heinz<\/div>\n<\/td>\n<\/tr>\n<tr>\n<td valign=\"bottom\" width=\"59.245960502692995%\">\n<div>Kampfrichterreferent<\/div>\n<\/td>\n<td valign=\"bottom\" width=\"22.082585278276483%\">\n<div>Schmidt<\/div>\n<\/td>\n<td valign=\"bottom\" width=\"18.671454219030522%\">\n<div>Mario<\/div>\n<\/td>\n<\/tr>\n<tr>\n<td valign=\"bottom\" width=\"59.245960502692995%\">\n<div>Schulsport\/Integration<\/div>\n<\/td>\n<td valign=\"bottom\" width=\"22.082585278276483%\">\n<div>Buhz<\/div>\n<\/td>\n<td valign=\"bottom\" width=\"18.671454219030522%\">\n<div>Martin<\/div>\n<\/td>\n<\/tr>\n<tr>\n<td valign=\"bottom\" width=\"59.245960502692995%\">\n<div>Jugend- und Breitensportreferent<\/div>\n<\/td>\n<td valign=\"bottom\" width=\"22.082585278276483%\">\n<div>Schlomann<\/div>\n<\/td>\n<td valign=\"bottom\" width=\"18.671454219030522%\">\n<div>Stefan<\/div>\n<\/td>\n<\/tr>\n<tr>\n<td valign=\"bottom\" width=\"59.245960502692995%\">\n<div>Wettkampfleitung<\/div>\n<\/td>\n<td valign=\"bottom\" width=\"22.082585278276483%\">\n<div>Labudde<\/div>\n<\/td>\n<td valign=\"bottom\" width=\"18.671454219030522%\">\n<div>Christiane<\/div>\n<\/td>\n<\/tr>\n<tr>\n<td valign=\"bottom\" width=\"59.245960502692995%\">\n<div>Referent technische Leitung<\/div>\n<\/td>\n<td valign=\"bottom\" width=\"22.082585278276483%\">\n<div>Pioch<\/div>\n<\/td>\n<td valign=\"bottom\" width=\"18.671454219030522%\">\n<div>Volker<\/div>\n<\/td>\n<\/tr>\n<tr>\n<td valign=\"bottom\" width=\"59.245960502692995%\">\n<div>Rechtsausschuss I<\/div>\n<\/td>\n<td valign=\"bottom\" width=\"22.082585278276483%\">\n<div>Langner<\/div>\n<\/td>\n<td valign=\"bottom\" width=\"18.671454219030522%\">\n<div>Dennis<\/div>\n<\/td>\n<\/tr>\n<tr>\n<td valign=\"bottom\" width=\"59.245960502692995%\">\n<div>Rechtsausschuss II<\/div>\n<\/td>\n<td valign=\"bottom\" width=\"22.082585278276483%\">\n<div>Pentschew<\/div>\n<\/td>\n<td valign=\"bottom\" width=\"18.671454219030522%\">\n<div>Stefan<\/div>\n<\/td>\n<\/tr>\n<\/tbody>\n<\/table>\n","protected":false},"excerpt":{"rendered":"<p>Der Ringerverband Mecklenburg-Vorpommern richtete am 29. Oktober 2022 seinen Verbandstag und den damit verbundenen Pr\u00e4sidiumswahlen durch. Neben den Pr\u00e4sidiumsmitgliedern waren auch Vertreter aller 10 bestehenden Ringervereine des Landes anwesend.<\/p>\n","protected":false},"author":2,"featured_media":0,"comment_status":"open","ping_status":"open","sticky":false,"template":"","format":"standard","meta":{"footnotes":""},"categories":[1],"tags":[],"class_list":["post-6087","post","type-post","status-publish","format-standard","hentry","category-allgemein"],"_links":{"self":[{"href":"https:\/\/www.ringen-mv.de\/index.php?rest_route=\/wp\/v2\/posts\/6087","targetHints":{"allow":["GET"]}}],"collection":[{"href":"https:\/\/www.ringen-mv.de\/index.php?rest_route=\/wp\/v2\/posts"}],"about":[{"href":"https:\/\/www.ringen-mv.de\/index.php?rest_route=\/wp\/v2\/types\/post"}],"author":[{"embeddable":true,"href":"https:\/\/www.ringen-mv.de\/index.php?rest_route=\/wp\/v2\/users\/2"}],"replies":[{"embeddable":true,"href":"https:\/\/www.ringen-mv.de\/index.php?rest_route=%2Fwp%2Fv2%2Fcomments&post=6087"}],"version-history":[{"count":3,"href":"https:\/\/www.ringen-mv.de\/index.php?rest_route=\/wp\/v2\/posts\/6087\/revisions"}],"predecessor-version":[{"id":6091,"href":"https:\/\/www.ringen-mv.de\/index.php?rest_route=\/wp\/v2\/posts\/6087\/revisions\/6091"}],"wp:attachment":[{"href":"https:\/\/www.ringen-mv.de\/index.php?rest_route=%2Fwp%2Fv2%2Fmedia&parent=6087"}],"wp:term":[{"taxonomy":"category","embeddable":true,"href":"https:\/\/www.ringen-mv.de\/index.php?rest_route=%2Fwp%2Fv2%2Fcategories&post=6087"},{"taxonomy":"post_tag","embeddable":true,"href":"https:\/\/www.ringen-mv.de\/index.php?rest_route=%2Fwp%2Fv2%2Ftags&post=6087"}],"curies":[{"name":"wp","href":"https:\/\/api.w.org\/{rel}","templated":true}]}}