{"id":611,"date":"2012-10-29T09:32:59","date_gmt":"2012-10-29T07:32:59","guid":{"rendered":"http:\/\/www.sav-torgelow-ringen.de\/RV%20MV2\/wordpress_341-de\/wordpress\/?p=611"},"modified":"2012-10-29T16:16:45","modified_gmt":"2012-10-29T14:16:45","slug":"tolle-kampfe-auf-demminer-matten","status":"publish","type":"post","link":"https:\/\/www.ringen-mv.de\/?p=611","title":{"rendered":"Tolle K\u00e4mpfe auf Demminer Matten"},"content":{"rendered":"<p style=\"text-align: justify;\"><a href=\"http:\/\/www.ringen-mv.de\/wp-content\/uploads\/2012\/10\/Alle-Mannschaften.jpg\"><img loading=\"lazy\" decoding=\"async\" class=\"alignleft size-thumbnail wp-image-612\" src=\"http:\/\/www.ringen-mv.de\/wp-content\/uploads\/2012\/10\/Alle-Mannschaften-150x150.jpg\" alt=\"\" width=\"150\" height=\"150\" \/><\/a>Der Demminer Ringerverein hatte die 6 bis 12 j\u00e4hrigen Mattenk\u00e4mpfer zum Mannschaftsturnier in die Friesensporthalle der Hansestadt eingeladen.Ausgetragen wurde dieses Turnier als 7. Skoda-Cup und 2. Peter Weidemann Gedenkturnier.<\/p>\n<p style=\"text-align: justify;\">\u00dcber 100 junge Nachwuchsringer aus Berlin, Frankfurt\/Oder und nat\u00fcrlich Mecklenburg-Vorpommern, k\u00e4mpften dann in neun Teams um den Turniersieg.<\/p>\n<p style=\"text-align: justify;\">\n<p style=\"text-align: justify;\"><!--more-->Jede Mannschaft bestand aus 12 Gewichtsklassen und in zwei Gruppen wurden dann die Finalisten ermittelt. Schon der stimmungsvolle Einmarsch versprach eine tolle Kampfatmosph\u00e4re und so sollte es auch kommen. Zahlreiche Eltern, Verwandte und Bekannte lieferten eine stimmungsvolle Kampfkulisse, die kleinen M\u00e4dchen und Jungen wurden in jeder Situation angefeuert.<\/p>\n<p style=\"text-align: justify;\">Im Pool A k\u00e4mpften die Teams von Demmin II, Neubrandenburg, Luftfahrt Berlin, L\u00fcbtheen und der KG Vorpommern (Greifswald\/Torgelow) um den Gruppensieg, hingegen Demmin I, die Berliner Nordlichter (Preu\u00dfen\/Buch), Frankfurt\/Oder und der KG Rostock\/Warnem\u00fcnde sich im Pool B um die Finalpl\u00e4tze stritten. Am Ende konnten sich die Teams durchsetzen, die es schafften gleichm\u00e4\u00dfig gut besetzt zu sein. Aber als Sieger konnten sich alle f\u00fchlen, die mit tollem Kampfgeist f\u00fcr Spannung pur sorgten. \u00dcberraschend schieden die sonst starken Ringer vom SV Luftfahrt Berlin schon nach zwei Duellen aus und leider blieb f\u00fcr die beiden Mannschaften des Ausrichters trotz gr\u00f6\u00dftem Kampfgeist keine vordere Platzierung \u00fcbrig. Um Platz 1 lieferten sich L\u00fcbtheen und Rostock\/Warnem\u00fcnde nach ihren Gruppensiegen einen hei\u00dfen Fight, den die Hansest\u00e4dte am Ende unter lautem Jubel gewannen. Um Platz 3 mussten sich die K\u00e4mpfer der KG Vorpommern dem Team aus Frankfurt\/Oder geschlagen geben. Das Duell um Platz 5 hingegen gewannen die Berliner Nordlichter gegen den PSV Neubrandenburg. F\u00fcr den tollen Ausrichter des Turnieres Demmin bleiben die Pl\u00e4tze 7 und 8 und Luftfahrt Berlin diesmal leider nur auf Platz 9.<\/p>\n<p style=\"text-align: justify;\">Alle Teilnehmer waren begeistert vom Turnier und der tollen Atmosph\u00e4re, f\u00fcr den leider zu fr\u00fch verstorbenen Trainer Peter Weidemann ein w\u00fcrdiges Gedenkturnier.<\/p>\n<p style=\"text-align: justify;\">Poolk\u00e4mpfe:<br \/>\nPool A<br \/>\nDemmin 2 &#8211; Neubrandenburg 16:32 (0:2)<br \/>\nStahlheimer (Luftfahrt) &#8211; L\u00fcbtheen 8:40 (0:2)<br \/>\nVorpommern &#8211; Demmin 2 32:16 (2:0)<br \/>\nNeubrandenburg &#8211; Stahlheimer 27:20 (2:0)<br \/>\nL\u00fcbtheen &#8211; Vorpommern 44:4 (2:0)<br \/>\nNeubrandenburg &#8211; L\u00fcbtheen 19:33 (0:2)<br \/>\nVorpommern &#8211; Neubrandenburg 28:20 (2:0)<br \/>\nPool B<br \/>\nDemmin 1 &#8211; Nordlichter 24:24 (1:1)<br \/>\nFrankfurt\/O &#8211; Rostock\/Warnem\u00fcnde 8:40 (0:2)<br \/>\nDemmin 1 &#8211; Frankfurt\/Oder 20:28 (0:2)<br \/>\nNordlichter &#8211; Rostock\/Warnem\u00fcnde 12:36 (0:2)<br \/>\nDemmin 1 &#8211; Rostock\/Warnem\u00fcnde 12:35 (0:2)<br \/>\nNordlichter &#8211; Frankfurt\/Oder 24:24 (1:1)<\/p>\n<p style=\"text-align: justify;\">Finalk\u00e4mpfe<br \/>\nPlatz 5: Neubrandenburg &#8211; Nordlichter 20:28 (0:2)<br \/>\nPlatz 3: Vorpommern &#8211; Frankfurt\/Oder 15:23 (0:2)<br \/>\nPlatz 1: L\u00fcbtheen &#8211; Rostock\/Warnem\u00fcnde 16:32 (0:2)<\/p>\n<p style=\"text-align: justify;\">Tabelle Endstand<br \/>\n1. Rostock\/Warnem\u00fcnde<br \/>\n2. L\u00fcbtheen<br \/>\n3. Frankfurt\/Oder<br \/>\n4. KG Vorpommern<br \/>\n5. Nordlichter<br \/>\n6. Neubrandenburg<br \/>\n7. Demmin I<br \/>\n8. Demmin II<br \/>\n9. Luftfahrt Berlin<\/p>\n<div id=\"attachment_613\" style=\"width: 310px\" class=\"wp-caption alignleft\"><a href=\"http:\/\/www.ringen-mv.de\/wp-content\/uploads\/2012\/10\/Marie-Luis-Bargholz-Demmin1-gegen-Ayub-Gedaev-Nordlichter-Berlin.jpg\"><img loading=\"lazy\" decoding=\"async\" aria-describedby=\"caption-attachment-613\" class=\"size-medium wp-image-613\" src=\"http:\/\/www.ringen-mv.de\/wp-content\/uploads\/2012\/10\/Marie-Luis-Bargholz-Demmin1-gegen-Ayub-Gedaev-Nordlichter-Berlin-300x159.jpg\" alt=\"\" width=\"300\" height=\"159\" srcset=\"https:\/\/www.ringen-mv.de\/wp-content\/uploads\/2012\/10\/Marie-Luis-Bargholz-Demmin1-gegen-Ayub-Gedaev-Nordlichter-Berlin-300x159.jpg 300w, https:\/\/www.ringen-mv.de\/wp-content\/uploads\/2012\/10\/Marie-Luis-Bargholz-Demmin1-gegen-Ayub-Gedaev-Nordlichter-Berlin.jpg 800w\" sizes=\"auto, (max-width: 300px) 100vw, 300px\" \/><\/a><p id=\"caption-attachment-613\" class=\"wp-caption-text\">Marie-Luis Bargholz Demmin1 gegen Ayub Gedaev Nordlichter Berlin.JPG<\/p><\/div>\n<p style=\"text-align: justify;\">\n<p style=\"text-align: justify;\">\n<p style=\"text-align: justify;\">\n<p style=\"text-align: justify;\">\n<p style=\"text-align: justify;\">\n<p style=\"text-align: justify;\">\n<p style=\"text-align: justify;\">\n<div id=\"attachment_614\" style=\"width: 210px\" class=\"wp-caption alignleft\"><a href=\"http:\/\/www.ringen-mv.de\/wp-content\/uploads\/2012\/10\/Karolin-Kromm-Demmin2-gegen-Tanja-Albrecht-blau-PSV-Neubandenburg.jpg\"><img loading=\"lazy\" decoding=\"async\" aria-describedby=\"caption-attachment-614\" class=\"size-medium wp-image-614\" src=\"http:\/\/www.ringen-mv.de\/wp-content\/uploads\/2012\/10\/Karolin-Kromm-Demmin2-gegen-Tanja-Albrecht-blau-PSV-Neubandenburg-200x300.jpg\" alt=\"\" width=\"200\" height=\"300\" srcset=\"https:\/\/www.ringen-mv.de\/wp-content\/uploads\/2012\/10\/Karolin-Kromm-Demmin2-gegen-Tanja-Albrecht-blau-PSV-Neubandenburg-200x300.jpg 200w, https:\/\/www.ringen-mv.de\/wp-content\/uploads\/2012\/10\/Karolin-Kromm-Demmin2-gegen-Tanja-Albrecht-blau-PSV-Neubandenburg.jpg 400w\" sizes=\"auto, (max-width: 200px) 100vw, 200px\" \/><\/a><p id=\"caption-attachment-614\" class=\"wp-caption-text\">Karolin Kromm Demmin2 gegen Tanja Albrecht blau PSV Neubandenburg<\/p><\/div>\n<p style=\"text-align: justify;\">\n<p style=\"text-align: justify;\">\n<p style=\"text-align: justify;\">\n<p style=\"text-align: justify;\">\n<p style=\"text-align: justify;\">\n<p style=\"text-align: justify;\">\n<p style=\"text-align: justify;\">\n<p style=\"text-align: justify;\">\n<p style=\"text-align: justify;\">\n<p style=\"text-align: justify;\">\n<p style=\"text-align: justify;\">\n<p style=\"text-align: justify;\">\n<div id=\"attachment_615\" style=\"width: 310px\" class=\"wp-caption alignleft\"><a href=\"http:\/\/www.ringen-mv.de\/wp-content\/uploads\/2012\/10\/Dominik-Scheilrot-Demmin1-gegen-Riese-aus-FrankfurtOder.jpg\"><img loading=\"lazy\" decoding=\"async\" aria-describedby=\"caption-attachment-615\" class=\"size-medium wp-image-615\" src=\"http:\/\/www.ringen-mv.de\/wp-content\/uploads\/2012\/10\/Dominik-Scheilrot-Demmin1-gegen-Riese-aus-FrankfurtOder-300x199.jpg\" alt=\"\" width=\"300\" height=\"199\" srcset=\"https:\/\/www.ringen-mv.de\/wp-content\/uploads\/2012\/10\/Dominik-Scheilrot-Demmin1-gegen-Riese-aus-FrankfurtOder-300x199.jpg 300w, https:\/\/www.ringen-mv.de\/wp-content\/uploads\/2012\/10\/Dominik-Scheilrot-Demmin1-gegen-Riese-aus-FrankfurtOder.jpg 800w\" sizes=\"auto, (max-width: 300px) 100vw, 300px\" \/><\/a><p id=\"caption-attachment-615\" class=\"wp-caption-text\">Dominik Scheilrot Demmin1 gegen Riese aus Frankfurt Oder<\/p><\/div>\n<p style=\"text-align: justify;\">\n<p style=\"text-align: justify;\">\n<p style=\"text-align: justify;\">\n<p style=\"text-align: justify;\">\n<p style=\"text-align: justify;\">\n<p style=\"text-align: justify;\">\n<p style=\"text-align: justify;\">\n<p style=\"text-align: justify;\">\n<p style=\"text-align: justify;\">\n<p style=\"text-align: justify;\">Uwe Bremer<\/p>\n","protected":false},"excerpt":{"rendered":"<p>Der Demminer Ringerverein hatte die 6 bis 12 j\u00e4hrigen Mattenk\u00e4mpfer zum Mannschaftsturnier in die Friesensporthalle der Hansestadt eingeladen.Ausgetragen wurde dieses Turnier als 7. Skoda-Cup und 2. Peter Weidemann Gedenkturnier. \u00dcber 100 junge Nachwuchsringer aus Berlin, Frankfurt\/Oder und nat\u00fcrlich Mecklenburg-Vorpommern, k\u00e4mpften dann in neun Teams um den Turniersieg.<\/p>\n","protected":false},"author":2,"featured_media":0,"comment_status":"open","ping_status":"open","sticky":false,"template":"","format":"standard","meta":{"footnotes":""},"categories":[11],"tags":[],"class_list":["post-611","post","type-post","status-publish","format-standard","hentry","category-demmin"],"_links":{"self":[{"href":"https:\/\/www.ringen-mv.de\/index.php?rest_route=\/wp\/v2\/posts\/611","targetHints":{"allow":["GET"]}}],"collection":[{"href":"https:\/\/www.ringen-mv.de\/index.php?rest_route=\/wp\/v2\/posts"}],"about":[{"href":"https:\/\/www.ringen-mv.de\/index.php?rest_route=\/wp\/v2\/types\/post"}],"author":[{"embeddable":true,"href":"https:\/\/www.ringen-mv.de\/index.php?rest_route=\/wp\/v2\/users\/2"}],"replies":[{"embeddable":true,"href":"https:\/\/www.ringen-mv.de\/index.php?rest_route=%2Fwp%2Fv2%2Fcomments&post=611"}],"version-history":[{"count":4,"href":"https:\/\/www.ringen-mv.de\/index.php?rest_route=\/wp\/v2\/posts\/611\/revisions"}],"predecessor-version":[{"id":620,"href":"https:\/\/www.ringen-mv.de\/index.php?rest_route=\/wp\/v2\/posts\/611\/revisions\/620"}],"wp:attachment":[{"href":"https:\/\/www.ringen-mv.de\/index.php?rest_route=%2Fwp%2Fv2%2Fmedia&parent=611"}],"wp:term":[{"taxonomy":"category","embeddable":true,"href":"https:\/\/www.ringen-mv.de\/index.php?rest_route=%2Fwp%2Fv2%2Fcategories&post=611"},{"taxonomy":"post_tag","embeddable":true,"href":"https:\/\/www.ringen-mv.de\/index.php?rest_route=%2Fwp%2Fv2%2Ftags&post=611"}],"curies":[{"name":"wp","href":"https:\/\/api.w.org\/{rel}","templated":true}]}}