{"id":6198,"date":"2023-03-13T12:46:41","date_gmt":"2023-03-13T11:46:41","guid":{"rendered":"http:\/\/www.sav-torgelow-ringen.de\/RV%20MV2\/wordpress_341-de\/wordpress\/?p=6198"},"modified":"2023-03-13T12:47:28","modified_gmt":"2023-03-13T11:47:28","slug":"landesmeisterschaften-der-juengsten","status":"publish","type":"post","link":"https:\/\/www.ringen-mv.de\/?p=6198","title":{"rendered":"Landesmeisterschaften der J\u00fcngsten"},"content":{"rendered":"<p><a href=\"http:\/\/www.ringen-mv.de\/wp-content\/uploads\/2023\/03\/LM-in-Stralsund.jpg\"><img loading=\"lazy\" decoding=\"async\" class=\"alignleft size-medium wp-image-6199\" src=\"http:\/\/www.ringen-mv.de\/wp-content\/uploads\/2023\/03\/LM-in-Stralsund-290x300.jpg\" alt=\"\" width=\"290\" height=\"300\" srcset=\"https:\/\/www.ringen-mv.de\/wp-content\/uploads\/2023\/03\/LM-in-Stralsund-290x300.jpg 290w, https:\/\/www.ringen-mv.de\/wp-content\/uploads\/2023\/03\/LM-in-Stralsund.jpg 680w\" sizes=\"auto, (max-width: 290px) 100vw, 290px\" \/><\/a>Nach einer gef\u00fchlten Ewigkeit fanden in Mecklenburg \u2013 Vorpommern wieder landesinterne Landesmeisterschaften der U 12, U 10 und U 8 und weibliche Sch\u00fclerinnen statt. Hier zeigte sich jetzt die intensive Nachwuchsarbeit, die in den letzten Jahren geleistet wurde. Es ist deutschlandweit einmalig, dass die Landesmeisterschaften nicht offen f\u00fcr andere Landesverb\u00e4nde ausgeschrieben waren.<\/p>\n<p><!--more-->Austragungsort war die Hansestadt Stralsund in der altehrw\u00fcrdigen Jahnsportst\u00e4tte, die gleichzeitig die Trainingsst\u00e4tte der Stralsunder Ringer ist. Die Stralsunder waren es dann auch, die die Mannschaftswertung klar vom Grimmen und Torgelow gewonnen haben.<\/p>\n<p>Insgesamt wurden durch die auch noch sehr jungen Kampfrichteranw\u00e4rter unter der Leitung vom Bundeslizenzkampfrichter Mario Schmidt aus Torgelow und einige erfahrene Kampfrichter 143 K\u00e4mpfe absolviert.<\/p>\n<p>Ganz viel Emotionen der Eltern und auch ein paar Tr\u00e4nen der Kleinen waren Beweis daf\u00fcr, dass der Ringkampf in MV lebt und gelebt wird. Am Ende der Veranstaltung waren sich alle einig dar\u00fcber, dass diese Arbeit weiter ausgebaut werden soll um auch weiter deutschlandweit konkurrenzf\u00e4hig zu sein.<\/p>\n<p>&nbsp;<\/p>\n<p>E. Wallmuth<\/p>\n","protected":false},"excerpt":{"rendered":"<p>Nach einer gef\u00fchlten Ewigkeit fanden in Mecklenburg \u2013 Vorpommern wieder landesinterne Landesmeisterschaften der U 12, U 10 und U 8 und weibliche Sch\u00fclerinnen statt. Hier zeigte sich jetzt die intensive Nachwuchsarbeit, die in den letzten Jahren geleistet wurde. Es ist deutschlandweit einmalig, dass die Landesmeisterschaften nicht offen f\u00fcr<\/p>\n","protected":false},"author":2,"featured_media":0,"comment_status":"open","ping_status":"open","sticky":false,"template":"","format":"standard","meta":{"footnotes":""},"categories":[1],"tags":[],"class_list":["post-6198","post","type-post","status-publish","format-standard","hentry","category-allgemein"],"_links":{"self":[{"href":"https:\/\/www.ringen-mv.de\/index.php?rest_route=\/wp\/v2\/posts\/6198","targetHints":{"allow":["GET"]}}],"collection":[{"href":"https:\/\/www.ringen-mv.de\/index.php?rest_route=\/wp\/v2\/posts"}],"about":[{"href":"https:\/\/www.ringen-mv.de\/index.php?rest_route=\/wp\/v2\/types\/post"}],"author":[{"embeddable":true,"href":"https:\/\/www.ringen-mv.de\/index.php?rest_route=\/wp\/v2\/users\/2"}],"replies":[{"embeddable":true,"href":"https:\/\/www.ringen-mv.de\/index.php?rest_route=%2Fwp%2Fv2%2Fcomments&post=6198"}],"version-history":[{"count":2,"href":"https:\/\/www.ringen-mv.de\/index.php?rest_route=\/wp\/v2\/posts\/6198\/revisions"}],"predecessor-version":[{"id":6201,"href":"https:\/\/www.ringen-mv.de\/index.php?rest_route=\/wp\/v2\/posts\/6198\/revisions\/6201"}],"wp:attachment":[{"href":"https:\/\/www.ringen-mv.de\/index.php?rest_route=%2Fwp%2Fv2%2Fmedia&parent=6198"}],"wp:term":[{"taxonomy":"category","embeddable":true,"href":"https:\/\/www.ringen-mv.de\/index.php?rest_route=%2Fwp%2Fv2%2Fcategories&post=6198"},{"taxonomy":"post_tag","embeddable":true,"href":"https:\/\/www.ringen-mv.de\/index.php?rest_route=%2Fwp%2Fv2%2Ftags&post=6198"}],"curies":[{"name":"wp","href":"https:\/\/api.w.org\/{rel}","templated":true}]}}