{"id":6269,"date":"2023-06-19T07:31:26","date_gmt":"2023-06-19T05:31:26","guid":{"rendered":"http:\/\/www.sav-torgelow-ringen.de\/RV%20MV2\/wordpress_341-de\/wordpress\/?p=6269"},"modified":"2023-06-19T07:31:51","modified_gmt":"2023-06-19T05:31:51","slug":"ole-sterning-beendet-seine-erste-em-u-17-auf-platz-5","status":"publish","type":"post","link":"https:\/\/www.ringen-mv.de\/?p=6269","title":{"rendered":"Ole Sterning beendet seine erste EM U 17 auf Platz 5"},"content":{"rendered":"<p><a href=\"http:\/\/www.ringen-mv.de\/wp-content\/uploads\/2023\/06\/Bilder-Ole-Sterning-EM-Tirana-2023.jpg\"><img loading=\"lazy\" decoding=\"async\" class=\"alignleft size-medium wp-image-6270\" src=\"http:\/\/www.ringen-mv.de\/wp-content\/uploads\/2023\/06\/Bilder-Ole-Sterning-EM-Tirana-2023-300x300.jpg\" alt=\"\" width=\"300\" height=\"300\" srcset=\"https:\/\/www.ringen-mv.de\/wp-content\/uploads\/2023\/06\/Bilder-Ole-Sterning-EM-Tirana-2023-300x300.jpg 300w, https:\/\/www.ringen-mv.de\/wp-content\/uploads\/2023\/06\/Bilder-Ole-Sterning-EM-Tirana-2023-1024x1024.jpg 1024w, https:\/\/www.ringen-mv.de\/wp-content\/uploads\/2023\/06\/Bilder-Ole-Sterning-EM-Tirana-2023-150x150.jpg 150w, https:\/\/www.ringen-mv.de\/wp-content\/uploads\/2023\/06\/Bilder-Ole-Sterning-EM-Tirana-2023-768x768.jpg 768w, https:\/\/www.ringen-mv.de\/wp-content\/uploads\/2023\/06\/Bilder-Ole-Sterning-EM-Tirana-2023-1536x1536.jpg 1536w, https:\/\/www.ringen-mv.de\/wp-content\/uploads\/2023\/06\/Bilder-Ole-Sterning-EM-Tirana-2023-75x75.jpg 75w, https:\/\/www.ringen-mv.de\/wp-content\/uploads\/2023\/06\/Bilder-Ole-Sterning-EM-Tirana-2023.jpg 2048w\" sizes=\"auto, (max-width: 300px) 100vw, 300px\" \/><\/a><\/p>\n<p>Der Stralsunder Ole Sterning hat bei den U17-Europameisterschaften in Tirana im kleinen Finale um den dritten Platz die Medaille verpasst. Sterning schlie\u00dft mit Platz f\u00fcnf ab.<\/p>\n<p>Im Auftaktkampf gewann der Modellathlet gegen seinen Griechischen Gegner Dimitrios Pappas nach Punkten. Im zweiten Kampf musste er gegen den sp\u00e4teren Europameister Saba Purtseladze (GEO) eine 1 :5 Punktniederlage hinnehmen. <!--more-->Da der Georgier ins Finale einzog, konnte Ole noch \u00fcber die Hoffnungsrunde weiter ringen. In der dritten Begegnung stand ihm Jachym Zajacik (CZ) gegen\u00fcber, diesen konnte er nach anf\u00e4nglichen Schwierigkeiten auf Schultern besiegen. Im Kampf um Platz 3\u00a0 geriet der 92kg-Athlet nach einer 1 : 0 Pausenf\u00fchrung gegen den Armenier Grisha Voskanyan in die Bodenlage. Dort konnte er den starken Durchdrehern des Armeniers nicht standhalten und musste sich am Ende mit 1:9 geschlagen geben.<\/p>\n<p>Mit dieser sehr guten Turnierleistung winkt jetzt die Teilnahme an der WM U 17 in Istanbul.<\/p>\n<p>&nbsp;<\/p>\n<p>EW<\/p>\n","protected":false},"excerpt":{"rendered":"<p>Der Stralsunder Ole Sterning hat bei den U17-Europameisterschaften in Tirana im kleinen Finale um den dritten Platz die Medaille verpasst. Sterning schlie\u00dft mit Platz f\u00fcnf ab. Im Auftaktkampf gewann der Modellathlet gegen seinen Griechischen Gegner Dimitrios Pappas nach Punkten. Im zweiten Kampf musste er gegen den sp\u00e4teren Europameister<\/p>\n","protected":false},"author":2,"featured_media":0,"comment_status":"open","ping_status":"open","sticky":false,"template":"","format":"standard","meta":{"footnotes":""},"categories":[16],"tags":[],"class_list":["post-6269","post","type-post","status-publish","format-standard","hentry","category-stralsund"],"_links":{"self":[{"href":"https:\/\/www.ringen-mv.de\/index.php?rest_route=\/wp\/v2\/posts\/6269","targetHints":{"allow":["GET"]}}],"collection":[{"href":"https:\/\/www.ringen-mv.de\/index.php?rest_route=\/wp\/v2\/posts"}],"about":[{"href":"https:\/\/www.ringen-mv.de\/index.php?rest_route=\/wp\/v2\/types\/post"}],"author":[{"embeddable":true,"href":"https:\/\/www.ringen-mv.de\/index.php?rest_route=\/wp\/v2\/users\/2"}],"replies":[{"embeddable":true,"href":"https:\/\/www.ringen-mv.de\/index.php?rest_route=%2Fwp%2Fv2%2Fcomments&post=6269"}],"version-history":[{"count":2,"href":"https:\/\/www.ringen-mv.de\/index.php?rest_route=\/wp\/v2\/posts\/6269\/revisions"}],"predecessor-version":[{"id":6273,"href":"https:\/\/www.ringen-mv.de\/index.php?rest_route=\/wp\/v2\/posts\/6269\/revisions\/6273"}],"wp:attachment":[{"href":"https:\/\/www.ringen-mv.de\/index.php?rest_route=%2Fwp%2Fv2%2Fmedia&parent=6269"}],"wp:term":[{"taxonomy":"category","embeddable":true,"href":"https:\/\/www.ringen-mv.de\/index.php?rest_route=%2Fwp%2Fv2%2Fcategories&post=6269"},{"taxonomy":"post_tag","embeddable":true,"href":"https:\/\/www.ringen-mv.de\/index.php?rest_route=%2Fwp%2Fv2%2Ftags&post=6269"}],"curies":[{"name":"wp","href":"https:\/\/api.w.org\/{rel}","templated":true}]}}