{"id":6298,"date":"2023-07-28T12:25:33","date_gmt":"2023-07-28T10:25:33","guid":{"rendered":"http:\/\/www.sav-torgelow-ringen.de\/RV%20MV2\/wordpress_341-de\/wordpress\/?p=6298"},"modified":"2023-08-07T12:04:03","modified_gmt":"2023-08-07T10:04:03","slug":"ole-sterning-aus-stralsund-qualifiziert-sich-fuer-weltmeisterschaft-der-u17-in-istanbul","status":"publish","type":"post","link":"https:\/\/www.ringen-mv.de\/?p=6298","title":{"rendered":"Ole Sterning aus Stralsund qualifiziert sich f\u00fcr Weltmeisterschaft der U17 in Istanbul"},"content":{"rendered":"<p><a href=\"http:\/\/www.ringen-mv.de\/wp-content\/uploads\/2023\/07\/Ole-Sterning-im-blauen-Triko.jpg\"><img loading=\"lazy\" decoding=\"async\" class=\"alignleft size-medium wp-image-6299\" src=\"http:\/\/www.ringen-mv.de\/wp-content\/uploads\/2023\/07\/Ole-Sterning-im-blauen-Triko-300x200.jpg\" alt=\"\" width=\"300\" height=\"200\" srcset=\"https:\/\/www.ringen-mv.de\/wp-content\/uploads\/2023\/07\/Ole-Sterning-im-blauen-Triko-300x200.jpg 300w, https:\/\/www.ringen-mv.de\/wp-content\/uploads\/2023\/07\/Ole-Sterning-im-blauen-Triko-1024x683.jpg 1024w, https:\/\/www.ringen-mv.de\/wp-content\/uploads\/2023\/07\/Ole-Sterning-im-blauen-Triko-768x512.jpg 768w, https:\/\/www.ringen-mv.de\/wp-content\/uploads\/2023\/07\/Ole-Sterning-im-blauen-Triko-1536x1024.jpg 1536w, https:\/\/www.ringen-mv.de\/wp-content\/uploads\/2023\/07\/Ole-Sterning-im-blauen-Triko.jpg 1600w\" sizes=\"auto, (max-width: 300px) 100vw, 300px\" \/><\/a><\/p>\n<p>Junger Ringer \u00fcberwindet Verletzung und k\u00e4mpft sich erfolgreich zur\u00fcck<\/p>\n<p>Stralsund &#8211; Der noch 15-j\u00e4hrige Ole Sterning 92 kg aus Stralsund wird dieses Jahr bei den Weltmeisterschaften der U17 in Istanbul an den Start gehen. <!--more-->Bereits im vergangenen Jahr beeindruckte der talentierte Nachwuchssportler als j\u00fcngster Jahrgang bei den Deutschen Meisterschaften der U17, bei denen er Vizemeister wurde. In diesem Jahr setzte Ole Sterning noch einen drauf und sicherte sich den Titel des Deutschen Meisters.<\/p>\n<p>Der Weg zum Erfolg war jedoch nicht einfach f\u00fcr den jungen Ringer. Zu Beginn des Jahres verletzte er sich beim Vorbereitungslehrgang am Knie und erlitt einen Riss des Au\u00dfenbandes. Doch dank der schnellen Reaktion seines Heimatvereins konnte Ole Sterning den renommierten &#8222;Ringer-Doc&#8220; Dr. Klaus Johann aus dem Saarland konsultieren. Gemeinsam mit dem Vereinspr\u00e4sidenten Eckhardt Wallmuth reiste Ole nach Merzing, wo er erfolgreich operiert wurde. Anschlie\u00dfend begann die Rehabilitation, die auch im Therapiezentrum am Sund unter der Betreuung von Maik Bowitz, einem ehemaligen Ringer, stattfand.<\/p>\n<p>Nach Abschluss der Rehama\u00dfnahmen blieben Ole Sterning nur noch zwei Wochen bis zur Deutschen Meisterschaft seiner Altersklasse, die gleichzeitig als Qualifikation zur Europameisterschaft galt. Der junge Athlet konnte sich trotz der R\u00fcckschl\u00e4ge behaupten und qualifizierte sich f\u00fcr ein internationales Turnier in der T\u00fcrkei. Dort erreichte er einen bemerkenswerten 5. Platz, der ihm das Ticket zur Europameisterschaft in Tirana, Albanien, sicherte.<\/p>\n<p>Bei der EM k\u00e4mpfte sich Ole Sterning nach zwei \u00fcberzeugenden Siegen gegen Athleten aus Griechenland und Tschechien ins Halbfinale vor, wo er letztendlich eine Niederlage gegen den sp\u00e4teren Europameister aus Georgien einstecken musste. Im Kampf um Platz 3 verpasste er knapp den Sieg gegen einen Armenier und landete schlie\u00dflich auf einem dennoch beachtlichen 5. Platz.<\/p>\n<p>Aufgrund seiner herausragenden Leistungen wurde Ole Sterning f\u00fcr die Weltmeisterschaft in Istanbul Anfang August vom Nachwuchsbundestrainer Maik Bullmann nominiert, wo er einer von zwei Startern Deutschlands im griechisch-r\u00f6mischen Stil sein wird. Bei einen Vorbereitungswettkampf in Helsinki und dem anschlie\u00dfenden einw\u00f6chigen Trainingslager ging Ole mit Platz Drei aus der Halle und war motiviert f\u00fcr das Trainingslager.<\/p>\n<p>Damit ist er der erste Stralsunder Ringer, der jemals an einer Weltmeisterschaft teilnehmen darf. Der Hanseatische AC Stralsund freut sich \u00fcber den bisherigen Verlauf von Oles Karriere und wird in Istanbul vom Vereinsvorsitzenden Eckhardt Wallmuth begleitet<\/p>\n<p>Die Erfolgsgeschichte des jungen Ringers Ole Sterning zeigt, dass Beharrlichkeit und Kampfgeist auch in schwierigen Zeiten zum Erfolg f\u00fchren k\u00f6nnen. Stralsund dr\u00fcckt ihm die Daumen und w\u00fcnscht ihm viel Erfolg bei der Weltmeisterschaft in Istanbul.<\/p>\n","protected":false},"excerpt":{"rendered":"<p>Junger Ringer \u00fcberwindet Verletzung und k\u00e4mpft sich erfolgreich zur\u00fcck Stralsund &#8211; Der noch 15-j\u00e4hrige Ole Sterning 92 kg aus Stralsund wird dieses Jahr bei den Weltmeisterschaften der U17 in Istanbul an den Start gehen.<\/p>\n","protected":false},"author":2,"featured_media":0,"comment_status":"open","ping_status":"open","sticky":false,"template":"","format":"standard","meta":{"footnotes":""},"categories":[16],"tags":[],"class_list":["post-6298","post","type-post","status-publish","format-standard","hentry","category-stralsund"],"_links":{"self":[{"href":"https:\/\/www.ringen-mv.de\/index.php?rest_route=\/wp\/v2\/posts\/6298","targetHints":{"allow":["GET"]}}],"collection":[{"href":"https:\/\/www.ringen-mv.de\/index.php?rest_route=\/wp\/v2\/posts"}],"about":[{"href":"https:\/\/www.ringen-mv.de\/index.php?rest_route=\/wp\/v2\/types\/post"}],"author":[{"embeddable":true,"href":"https:\/\/www.ringen-mv.de\/index.php?rest_route=\/wp\/v2\/users\/2"}],"replies":[{"embeddable":true,"href":"https:\/\/www.ringen-mv.de\/index.php?rest_route=%2Fwp%2Fv2%2Fcomments&post=6298"}],"version-history":[{"count":1,"href":"https:\/\/www.ringen-mv.de\/index.php?rest_route=\/wp\/v2\/posts\/6298\/revisions"}],"predecessor-version":[{"id":6300,"href":"https:\/\/www.ringen-mv.de\/index.php?rest_route=\/wp\/v2\/posts\/6298\/revisions\/6300"}],"wp:attachment":[{"href":"https:\/\/www.ringen-mv.de\/index.php?rest_route=%2Fwp%2Fv2%2Fmedia&parent=6298"}],"wp:term":[{"taxonomy":"category","embeddable":true,"href":"https:\/\/www.ringen-mv.de\/index.php?rest_route=%2Fwp%2Fv2%2Fcategories&post=6298"},{"taxonomy":"post_tag","embeddable":true,"href":"https:\/\/www.ringen-mv.de\/index.php?rest_route=%2Fwp%2Fv2%2Ftags&post=6298"}],"curies":[{"name":"wp","href":"https:\/\/api.w.org\/{rel}","templated":true}]}}