{"id":6319,"date":"2023-10-10T11:30:19","date_gmt":"2023-10-10T09:30:19","guid":{"rendered":"https:\/\/www.sav-torgelow-ringen.de\/RV%20MV2\/wordpress_341-de\/wordpress\/?p=6319"},"modified":"2023-10-10T11:30:19","modified_gmt":"2023-10-10T09:30:19","slug":"torgelower-ringer-erkaempfen-4-medaillen-in-daenemark","status":"publish","type":"post","link":"https:\/\/www.ringen-mv.de\/?p=6319","title":{"rendered":"Torgelower Ringer erk\u00e4mpfen 4 Medaillen in D\u00e4nemark"},"content":{"rendered":"<p><a href=\"https:\/\/www.ringen-mv.de\/wp-content\/uploads\/2023\/10\/10000843151.jpg\"><img loading=\"lazy\" decoding=\"async\" class=\"alignleft size-medium wp-image-6320\" src=\"https:\/\/www.ringen-mv.de\/wp-content\/uploads\/2023\/10\/10000843151-300x248.jpg\" alt=\"\" width=\"300\" height=\"248\" srcset=\"https:\/\/www.ringen-mv.de\/wp-content\/uploads\/2023\/10\/10000843151-300x248.jpg 300w, https:\/\/www.ringen-mv.de\/wp-content\/uploads\/2023\/10\/10000843151-768x635.jpg 768w, https:\/\/www.ringen-mv.de\/wp-content\/uploads\/2023\/10\/10000843151.jpg 826w\" sizes=\"auto, (max-width: 300px) 100vw, 300px\" \/><\/a>Die Ringer des SAV Torgelow waren ja schon \u00f6fters zu Besuch in D\u00e4nemark um an Turnieren unseres n\u00f6rdlichen Nachbarlandes teilzunehmen.<br \/>\nDiesmal ging es mit einer kleinen Delegation von 6 Sportlern zum Alsia Cup nach Sonderburg (unweit Flensburg) im s\u00fcdlichen Teil von D\u00e4nemark gelegen.<br \/>\n<!--more-->Die K\u00e4mpfer vom Haff starteten bei der weiblichen und m\u00e4nnlichen Jugend und freuten sich am Ende \u00fcber den Gewinn von 4 Medaillen und Platz 8 in der Mannschaftswertung bei 17 angereisten Vereinen aus D\u00e4nemark und Deutschland.<br \/>\nGold gewann Leichtgewicht Henk Dabel (U8\/22 kg) vor seinem Vereinskamerad Marco Piegors der sich \u00fcber Silber freuen konnte.<br \/>\nEbenfalls Silber gewann Eli Lutz (U12\/35 kg) und Lea-Sophie Preu\u00dfler (weibliche Jugend\/65 kg).<br \/>\nIn Danzig unl\u00e4ngst hatte Eli noch knapp Edelmetall verpasst, diesmal hat es f\u00fcr das Siegerpodest ausgereicht.<br \/>\nNikita Smolnikov (U12\/38 kg) in Polen noch mit Bronzegewinn verpasste diesmal auf Platz 4 eine weitere Medaille sehr knapp.<br \/>\nEinen 6. Platz gab es dann noch f\u00fcr Friedrich Fissler, er startete bei den U8 Jungen in der 29 kg Klasse.<\/p>\n","protected":false},"excerpt":{"rendered":"<p>Die Ringer des SAV Torgelow waren ja schon \u00f6fters zu Besuch in D\u00e4nemark um an Turnieren unseres n\u00f6rdlichen Nachbarlandes teilzunehmen. Diesmal ging es mit einer kleinen Delegation von 6 Sportlern zum Alsia Cup nach Sonderburg (unweit Flensburg) im s\u00fcdlichen Teil von D\u00e4nemark gelegen.<\/p>\n","protected":false},"author":2,"featured_media":0,"comment_status":"open","ping_status":"open","sticky":false,"template":"","format":"standard","meta":{"footnotes":""},"categories":[8],"tags":[],"class_list":["post-6319","post","type-post","status-publish","format-standard","hentry","category-torgelow"],"_links":{"self":[{"href":"https:\/\/www.ringen-mv.de\/index.php?rest_route=\/wp\/v2\/posts\/6319","targetHints":{"allow":["GET"]}}],"collection":[{"href":"https:\/\/www.ringen-mv.de\/index.php?rest_route=\/wp\/v2\/posts"}],"about":[{"href":"https:\/\/www.ringen-mv.de\/index.php?rest_route=\/wp\/v2\/types\/post"}],"author":[{"embeddable":true,"href":"https:\/\/www.ringen-mv.de\/index.php?rest_route=\/wp\/v2\/users\/2"}],"replies":[{"embeddable":true,"href":"https:\/\/www.ringen-mv.de\/index.php?rest_route=%2Fwp%2Fv2%2Fcomments&post=6319"}],"version-history":[{"count":1,"href":"https:\/\/www.ringen-mv.de\/index.php?rest_route=\/wp\/v2\/posts\/6319\/revisions"}],"predecessor-version":[{"id":6321,"href":"https:\/\/www.ringen-mv.de\/index.php?rest_route=\/wp\/v2\/posts\/6319\/revisions\/6321"}],"wp:attachment":[{"href":"https:\/\/www.ringen-mv.de\/index.php?rest_route=%2Fwp%2Fv2%2Fmedia&parent=6319"}],"wp:term":[{"taxonomy":"category","embeddable":true,"href":"https:\/\/www.ringen-mv.de\/index.php?rest_route=%2Fwp%2Fv2%2Fcategories&post=6319"},{"taxonomy":"post_tag","embeddable":true,"href":"https:\/\/www.ringen-mv.de\/index.php?rest_route=%2Fwp%2Fv2%2Ftags&post=6319"}],"curies":[{"name":"wp","href":"https:\/\/api.w.org\/{rel}","templated":true}]}}