{"id":6458,"date":"2024-04-16T10:10:33","date_gmt":"2024-04-16T08:10:33","guid":{"rendered":"https:\/\/www.ringen-mv.de\/?p=6458"},"modified":"2024-04-16T10:10:33","modified_gmt":"2024-04-16T08:10:33","slug":"deutsche-meisterschaften-der-u-17-in-stralsund","status":"publish","type":"post","link":"https:\/\/www.ringen-mv.de\/?p=6458","title":{"rendered":"Deutsche Meisterschaften der U-17 in Stralsund"},"content":{"rendered":"<p><a href=\"https:\/\/www.ringen-mv.de\/wp-content\/uploads\/2024\/04\/BLN-33.jpg\"><img loading=\"lazy\" decoding=\"async\" class=\"alignleft size-medium wp-image-6459\" src=\"https:\/\/www.ringen-mv.de\/wp-content\/uploads\/2024\/04\/BLN-33-300x210.jpg\" alt=\"\" width=\"300\" height=\"210\" srcset=\"https:\/\/www.ringen-mv.de\/wp-content\/uploads\/2024\/04\/BLN-33-300x210.jpg 300w, https:\/\/www.ringen-mv.de\/wp-content\/uploads\/2024\/04\/BLN-33-768x537.jpg 768w, https:\/\/www.ringen-mv.de\/wp-content\/uploads\/2024\/04\/BLN-33.jpg 1006w\" sizes=\"auto, (max-width: 300px) 100vw, 300px\" \/><\/a>Stralsund \u2013 Die 152 Aktiven, deren Trainer, Funktion\u00e4re, Kampfrichter, aber auch die zahlreichen Besucher staunten beim Betreten der Vogelsang-Sporthalle in Stralsund\/Kramerhof nicht schlecht, denn der gastgebende Hanseatische Athleten-Club hatte alle Register gezogen und eine Ringkampf-Arena geschaffen, die selbst internationalem Flair gleich kam.<br \/>\n<!--more-->\u201eWas hier Eckhard Wallmuth und seine vielen Helfer auf die Beine gestellt haben, hat ein sehr hohes Niveau erreicht\u201c, lobten die beiden DRB-Vizepr\u00e4sisidenten G\u00fcnter Maienschein und Ingo Br\u00e4uer. Auch der DRB-Jugendreferent Frank King freute sich; \u201e\u2026 alles lief geregelt ab, die Wettkampfleitung hatte das Geschehen fest im Griff\u201c.<\/p>\n<p>Welch hohen Stand der Ringkampfsport in Stralsund und im Bundesland Mecklenburg-Vorpommern hat, unterstrichen die stellvertretende Oberb\u00fcrgermeisterin Dr. Sonja Gelinek, die zudem auch das Amt f\u00fcr Schule und Sport in der Hansestadt vertritt, aber auch Landrat Dr. Stefan Kerth, die beiden Politiker zeigten sich begeistert und versprachen, den Ringkampfsport weiter zu unterst\u00fctzen. Nach der Begr\u00fc\u00dfung er\u00f6ffnete DRB-Jugendreferent Frank King die Deutsche Meisterschaft und gab die drei schwarz-rot-goldenen Ringermatten f\u00fcr die Aktiven frei.<\/p>\n<p>F\u00fcr beste Ringkampfstimmung auf der voll besetzten Trib\u00fcne sorgten dann auch die sportlichen Leistungen der Hanseaten, die durch Anton Schneider und Ole Sterning gleich zwei Deutsche Meister stellten. Ali Mamirov (Greifswald) mit Silber, sowie Justin Hahn (L\u00fcbtheen) und Yannis Lemanski (Greifswald) die mit Bronze gl\u00e4nzten, sorgten mit ihren Medaillen f\u00fcr einen hervorragenden dritten Rang f\u00fcr ihren Landesverband Mecklenburg-Vorpommern in der L\u00e4nderwertung, hinter W\u00fcrttemberg und Nordbaden.<\/p>\n<p>Souver\u00e4ne Leistungen zeigten Ivan Seibel (51 kg\/KSK Konkordia Neuss), Mika Noel Labes (55 kg\/KSV Witten), Kevin Karl (65 kg\/SV Fellbach), aber auch der Lokalmatador Ole Sterning (92 kg\/HAC Stralsund), die selbst in den Finalk\u00e4mpfen klar dominierten.<br \/>\nRiesen Jubel gab es am Sonntagmittag auch beim Titelgewinn durch Anton Schneider (HAC Stralsund), bei dem erst kurz vor dem Wiegen \u00fcber einen Start bei den Titelk\u00e4mpfen entschieden wurde, nachdem der junge Ringer eine Erk\u00e4ltung gerade \u00fcberstanden hatte. Am Ende hielt der junge Ringer, der vor allem mit sehr guten taktischen Leistungen gl\u00e4nzte, im Limit bis 60 Kilo die Goldmedaille in den H\u00e4nden.<\/p>\n<p>Gleb Flink (42 kg\/KFC Leipzig), Artur Goldmann (45 kg\/ASV Landenburg), Lenny W\u00f6rner (48 kg\/AV Reilingen), Philip Trapp (KSV Bav. Waldaschaff), Kevin Titov (ASV H\u00fcttigweiler) und Valentino Prelic (SV Wacker Burghausen) erk\u00e4mpften die weiteren Titel in ihren Gewichtsklassen.<\/p>\n<p>Stralsund, aber auch Mecklenburg-Vorpommern sendete mit den Deutschen Meisterschaften in der Hansestadt ein wichtiges Zeichen nach Ringerdeutschland: der Ringkampf im Norden lebt ! Eckhard Wallmuth (Vorsitzender des HAC und Vizepr\u00e4sident des Landesverbandes Mecklenburg-Vorpommern): \u201eWir haben zwar nicht so viele Vereine wie andere Landesorganisationen, doch wir arbeiten hart und am Ende sind wir sehr stolz auf die sportlichen Erfolge unserer Jugend, die uns wiederum motivieren, diesen Weg fortzusetzen\u201c.<\/p>\n<p>Foto und Text:<br \/>\nJ\u00f6rg Richter<\/p>\n","protected":false},"excerpt":{"rendered":"<p>Stralsund \u2013 Die 152 Aktiven, deren Trainer, Funktion\u00e4re, Kampfrichter, aber auch die zahlreichen Besucher staunten beim Betreten der Vogelsang-Sporthalle in Stralsund\/Kramerhof nicht schlecht, denn der gastgebende Hanseatische Athleten-Club hatte alle Register gezogen und eine Ringkampf-Arena geschaffen, die selbst internationalem Flair gleich kam.<\/p>\n","protected":false},"author":2,"featured_media":0,"comment_status":"open","ping_status":"open","sticky":false,"template":"","format":"standard","meta":{"footnotes":""},"categories":[16],"tags":[],"class_list":["post-6458","post","type-post","status-publish","format-standard","hentry","category-stralsund"],"_links":{"self":[{"href":"https:\/\/www.ringen-mv.de\/index.php?rest_route=\/wp\/v2\/posts\/6458","targetHints":{"allow":["GET"]}}],"collection":[{"href":"https:\/\/www.ringen-mv.de\/index.php?rest_route=\/wp\/v2\/posts"}],"about":[{"href":"https:\/\/www.ringen-mv.de\/index.php?rest_route=\/wp\/v2\/types\/post"}],"author":[{"embeddable":true,"href":"https:\/\/www.ringen-mv.de\/index.php?rest_route=\/wp\/v2\/users\/2"}],"replies":[{"embeddable":true,"href":"https:\/\/www.ringen-mv.de\/index.php?rest_route=%2Fwp%2Fv2%2Fcomments&post=6458"}],"version-history":[{"count":2,"href":"https:\/\/www.ringen-mv.de\/index.php?rest_route=\/wp\/v2\/posts\/6458\/revisions"}],"predecessor-version":[{"id":6461,"href":"https:\/\/www.ringen-mv.de\/index.php?rest_route=\/wp\/v2\/posts\/6458\/revisions\/6461"}],"wp:attachment":[{"href":"https:\/\/www.ringen-mv.de\/index.php?rest_route=%2Fwp%2Fv2%2Fmedia&parent=6458"}],"wp:term":[{"taxonomy":"category","embeddable":true,"href":"https:\/\/www.ringen-mv.de\/index.php?rest_route=%2Fwp%2Fv2%2Fcategories&post=6458"},{"taxonomy":"post_tag","embeddable":true,"href":"https:\/\/www.ringen-mv.de\/index.php?rest_route=%2Fwp%2Fv2%2Ftags&post=6458"}],"curies":[{"name":"wp","href":"https:\/\/api.w.org\/{rel}","templated":true}]}}