{"id":6681,"date":"2025-04-01T09:17:36","date_gmt":"2025-04-01T07:17:36","guid":{"rendered":"https:\/\/www.ringen-mv.de\/?p=6681"},"modified":"2025-04-01T09:18:29","modified_gmt":"2025-04-01T07:18:29","slug":"luisa-scheel-vom-sv-warnemuende-gewinnt-bronze-bei-der-u23-em","status":"publish","type":"post","link":"https:\/\/www.ringen-mv.de\/?p=6681","title":{"rendered":"Luisa Scheel vom SV Warnem\u00fcnde gewinnt Bronze bei der U23-EM"},"content":{"rendered":"<p><a href=\"https:\/\/www.ringen-mv.de\/wp-content\/uploads\/2025\/04\/65kg-WW-Luisa-Scheel-GER.jpg\"><img loading=\"lazy\" decoding=\"async\" class=\"alignleft size-medium wp-image-6682\" src=\"https:\/\/www.ringen-mv.de\/wp-content\/uploads\/2025\/04\/65kg-WW-Luisa-Scheel-GER-300x200.jpg\" alt=\"\" width=\"300\" height=\"200\" srcset=\"https:\/\/www.ringen-mv.de\/wp-content\/uploads\/2025\/04\/65kg-WW-Luisa-Scheel-GER-300x200.jpg 300w, https:\/\/www.ringen-mv.de\/wp-content\/uploads\/2025\/04\/65kg-WW-Luisa-Scheel-GER-768x513.jpg 768w, https:\/\/www.ringen-mv.de\/wp-content\/uploads\/2025\/04\/65kg-WW-Luisa-Scheel-GER.jpg 773w\" sizes=\"auto, (max-width: 300px) 100vw, 300px\" \/><\/a>Ringerin Luisa Scheel vom SV Warnem\u00fcnde erk\u00e4mpfte sich sensationell die Bronzemedaile bei den U23-Europameisterschaften, die vom 8. bis 14. M\u00e4rz in Tirana\/ALB, stattfanden. <!--more-->Urspr\u00fcnglich im schwedischen Klippan beim Ausscheidungsturnier angetreten, um sich f\u00fcr die Gewichtsklasse bis 62 KG zu qualifizieren, nominierte Bundestrainer Christoph Ewald sie auf Grund ihrer Leistung in der h\u00f6heren ungewohnten 65 KG Gewichtsklasse \u2013 eine Entscheidung, die sich als goldrichtig erwies.<br \/>\nNach einer Auftaktniederlage gegen die Ungarin Eniko Elekes, die ihrerseits bereits zahlreiche internationale Erfolge vorzuweisen hat (u. a. 3x EM und 2x WM), erhielt Luisa in der Hoffnungsrunde eine zweite Chance, da ihre Gegnerin das Finale erreichte. Im Kampf um die begehrte Medaille besiegte sie dann die Rum\u00e4nin Viorica Tania Adam souver\u00e4n mit 4:0 und sicherte sich verdient Bronze.<\/p>\n<p>Mit dieser, ihrer bereits dritten internationalen Medaille, zeigte Luisa erneut ihren Kampfgeist und ihre Entschlossenheit und best\u00e4tigt ihren Anschluss an die internationale Spitze. Ihr Verein, der SV Warnem\u00fcnde sowie der Ringerverband Mecklenburg-Vorpommern sind mehr als stolz auf sie.<\/p>\n<p>Wir gratulieren allen Beteiligten und besonders auch den Verantwortlichen an der Sportschule Frankfurt (Oder), wo Luisa am Bundesst\u00fctzpunkt trainiert. Wir freuen uns auf ihre weiteren Erfolge und sind gespannt, was die Zukunft f\u00fcr sie bereith\u00e4lt.<\/p>\n<p>Text: Stefan Pentschew, Dennis Langner<\/p>\n<p>Bild: Kadir Caliskan (DRB)<\/p>\n","protected":false},"excerpt":{"rendered":"<p>Ringerin Luisa Scheel vom SV Warnem\u00fcnde erk\u00e4mpfte sich sensationell die Bronzemedaile bei den U23-Europameisterschaften, die vom 8. bis 14. M\u00e4rz in Tirana\/ALB, stattfanden.<\/p>\n","protected":false},"author":2,"featured_media":0,"comment_status":"open","ping_status":"open","sticky":false,"template":"","format":"standard","meta":{"footnotes":""},"categories":[17],"tags":[],"class_list":["post-6681","post","type-post","status-publish","format-standard","hentry","category-warnemunde"],"_links":{"self":[{"href":"https:\/\/www.ringen-mv.de\/index.php?rest_route=\/wp\/v2\/posts\/6681","targetHints":{"allow":["GET"]}}],"collection":[{"href":"https:\/\/www.ringen-mv.de\/index.php?rest_route=\/wp\/v2\/posts"}],"about":[{"href":"https:\/\/www.ringen-mv.de\/index.php?rest_route=\/wp\/v2\/types\/post"}],"author":[{"embeddable":true,"href":"https:\/\/www.ringen-mv.de\/index.php?rest_route=\/wp\/v2\/users\/2"}],"replies":[{"embeddable":true,"href":"https:\/\/www.ringen-mv.de\/index.php?rest_route=%2Fwp%2Fv2%2Fcomments&post=6681"}],"version-history":[{"count":2,"href":"https:\/\/www.ringen-mv.de\/index.php?rest_route=\/wp\/v2\/posts\/6681\/revisions"}],"predecessor-version":[{"id":6684,"href":"https:\/\/www.ringen-mv.de\/index.php?rest_route=\/wp\/v2\/posts\/6681\/revisions\/6684"}],"wp:attachment":[{"href":"https:\/\/www.ringen-mv.de\/index.php?rest_route=%2Fwp%2Fv2%2Fmedia&parent=6681"}],"wp:term":[{"taxonomy":"category","embeddable":true,"href":"https:\/\/www.ringen-mv.de\/index.php?rest_route=%2Fwp%2Fv2%2Fcategories&post=6681"},{"taxonomy":"post_tag","embeddable":true,"href":"https:\/\/www.ringen-mv.de\/index.php?rest_route=%2Fwp%2Fv2%2Ftags&post=6681"}],"curies":[{"name":"wp","href":"https:\/\/api.w.org\/{rel}","templated":true}]}}