{"id":6731,"date":"2025-06-27T14:03:31","date_gmt":"2025-06-27T12:03:31","guid":{"rendered":"https:\/\/www.ringen-mv.de\/?p=6731"},"modified":"2025-06-27T14:10:14","modified_gmt":"2025-06-27T12:10:14","slug":"deutsche-meisterschaften-im-ringen-maenner-frauen-in-elsenfeld","status":"publish","type":"post","link":"https:\/\/www.ringen-mv.de\/?p=6731","title":{"rendered":"Deutsche Meisterschaften im Ringen M\u00e4nner &#038; Frauen in Elsenfeld"},"content":{"rendered":"<div id=\"attachment_6732\" style=\"width: 310px\" class=\"wp-caption alignleft\"><a href=\"https:\/\/www.ringen-mv.de\/wp-content\/uploads\/2025\/06\/die-erfolgreichen-Maedels-Luisa-Scheel-Rebekka-March-und-Florentine-Portwich-scaled.jpg\"><img loading=\"lazy\" decoding=\"async\" aria-describedby=\"caption-attachment-6732\" class=\"wp-image-6732 size-medium\" src=\"https:\/\/www.ringen-mv.de\/wp-content\/uploads\/2025\/06\/die-erfolgreichen-Maedels-Luisa-Scheel-Rebekka-March-und-Florentine-Portwich-300x243.jpg\" alt=\"Die erfolgreichen M\u00e4dels Luisa Scheel, Rebekka March und Florentine Portwich\" width=\"300\" height=\"243\" srcset=\"https:\/\/www.ringen-mv.de\/wp-content\/uploads\/2025\/06\/die-erfolgreichen-Maedels-Luisa-Scheel-Rebekka-March-und-Florentine-Portwich-300x243.jpg 300w, https:\/\/www.ringen-mv.de\/wp-content\/uploads\/2025\/06\/die-erfolgreichen-Maedels-Luisa-Scheel-Rebekka-March-und-Florentine-Portwich-1024x831.jpg 1024w, https:\/\/www.ringen-mv.de\/wp-content\/uploads\/2025\/06\/die-erfolgreichen-Maedels-Luisa-Scheel-Rebekka-March-und-Florentine-Portwich-768x623.jpg 768w, https:\/\/www.ringen-mv.de\/wp-content\/uploads\/2025\/06\/die-erfolgreichen-Maedels-Luisa-Scheel-Rebekka-March-und-Florentine-Portwich-1536x1246.jpg 1536w, https:\/\/www.ringen-mv.de\/wp-content\/uploads\/2025\/06\/die-erfolgreichen-Maedels-Luisa-Scheel-Rebekka-March-und-Florentine-Portwich-2048x1662.jpg 2048w\" sizes=\"auto, (max-width: 300px) 100vw, 300px\" \/><\/a><p id=\"caption-attachment-6732\" class=\"wp-caption-text\">Die erfolgreichen M\u00e4dels Luisa Scheel, Rebekka March und Florentine Portwich<\/p><\/div>\n<p>20.06.-22.06.2025 Deutsche Meisterschaften im Ringen M\u00e4nner &amp; Frauen in Elsenfeld<\/p>\n<p>Eine kleine aber feine Delegation aus Mecklenburg-Vorpommern wurde vom Ringerverband Mecklenburg-Vorpommern f\u00fcr die Teilnahme an den diesj\u00e4hrigen Deutschen Meisterschaften gemeldet. Und die Ergebnisse k\u00f6nnen sich sehen lassen.<!--more--><\/p>\n<p>Im Freistil traten 3 Frauen des SV Warnem\u00fcnde an. Florentine musste als U20 Sportlerin den Abstand zu den Erwachsenen erkennen und landete auf Platz 11. Luisa Scheel sicherte sich in der Gewichtsklasse bis 62 kg die Silbermedaille und musste sich nur Naemi Leistner knapp geschlagen geben. In der Gewichtsklasse bis 53 kg sicherte sich Rebekka March mit zwei vorzeitigen Siegen den Finaleinzug. Dort tat sie sich etwas schwerer als erwartet, konnte jedoch mit einem 4:1 Punktsieg Ihren Deutschen Meistertitel verteidigen.<\/p>\n<p>Am Sonnabend starteten dann die Klassiker in das Turnier. Lenny Gr\u00fcnheid aus Demmin (72 kg) und Matti Stolt aus Stralsund (77 kg) konnten sich nicht behaupten und mussten fr\u00fch die Segel streichen.<\/p>\n<p>Marten Scheel aus Warnem\u00fcnde erwischte gleich zu Beginn mit Pascal Eisele einen der Mitfavoriten gegen den er klar verlor. Da Pascal den Einzug ins Finale schaffte, durfte Marten in der Hoffnungsrunde nochmals antreten. Dort gewann er gegen Hadis Vehapi und durfte somit gegen Keymi Rothweiler um Bronze ringen. Leider konnte er hier sein K\u00f6nnen nicht voll abrufen, verlor und musste dich mit dem 5. Platz zufriedengeben.<\/p>\n<p>Fabian Wiesemann aus Rostock erwischte bis 63kg startend ein perfektes Turnier. Er konnte seine zwei Gegner Robin Willer aus der Pfalz und Timur Demir aus W\u00fcrttemberg jeweil technisch \u00fcberlegen schlagen. Im Finale wartete dann Etienne Kinsinger aus dem Saarland. Etienne ist nicht nur mehrfacher Deutscher Meister sondert vertritt Deutschland bei Europa- und Weltmeisterschaften und startete bei den Olympischen Spielen in Tokio. Erwartungsgem\u00e4\u00df verlor Fabian, gewann jedoch die Silbermedaille und kann zufrieden auf das Turnier zur\u00fcckblicken.<\/p>\n<p>In der leichtesten Gewichtsklasse bis 55 trat Steven Ecker von SV Warnem\u00fcnde an, um seinen Titel zu verteidigen. Er sicherte sich den Finaleinzug mit 3 Siegen, wenn auch nicht so souver\u00e4n wir im Jahr zuvor. In einem turbulenten Finalkampf gegen den jungen Lenny W\u00f6rner aus Nordbaden wechselte die F\u00fchrung mehrfach und beide Trainerecken beanstandeten einige Kampfrichterentscheidungen. Steve lag bis eine Sekunde vor Schlu\u00df bei Punktgleichstand vorne. Ein eingesprungener Wurf \u00fcberraschte Steve, Lenny wurde eine hohe Wertung zugesprochen und der Kampf endete 12:8 f\u00fcr Lenny, was f\u00fcr Steve die Silbermedaille bedeutet. So richtig Freude dar\u00fcber kam weder bei Steve noch bei den zahlreich mitgereisten Fans auf, wenngleich die Silbermedaille bei den Deutschen Meisterschaften der M\u00e4nner eine sehr gute Platzierung ist.<\/p>\n<p>1x Gold, 3x Silber ist grunds\u00e4tzlich f\u00fcr den kleinen Landesverband ein sehr gutes Ergebnis. Jedoch m\u00fcssen wir bei aller Freude die einzelnen K\u00e4mpfe analysieren und unser Training sowie die unmittelbare Wettkampfvorbereitung entsprechend justieren.<\/p>\n","protected":false},"excerpt":{"rendered":"<p>20.06.-22.06.2025 Deutsche Meisterschaften im Ringen M\u00e4nner &amp; Frauen in Elsenfeld Eine kleine aber feine Delegation aus Mecklenburg-Vorpommern wurde vom Ringerverband Mecklenburg-Vorpommern f\u00fcr die Teilnahme an den diesj\u00e4hrigen Deutschen Meisterschaften gemeldet. Und die Ergebnisse k\u00f6nnen sich sehen lassen.<\/p>\n","protected":false},"author":2,"featured_media":0,"comment_status":"open","ping_status":"open","sticky":false,"template":"","format":"standard","meta":{"footnotes":""},"categories":[1],"tags":[],"class_list":["post-6731","post","type-post","status-publish","format-standard","hentry","category-allgemein"],"_links":{"self":[{"href":"https:\/\/www.ringen-mv.de\/index.php?rest_route=\/wp\/v2\/posts\/6731","targetHints":{"allow":["GET"]}}],"collection":[{"href":"https:\/\/www.ringen-mv.de\/index.php?rest_route=\/wp\/v2\/posts"}],"about":[{"href":"https:\/\/www.ringen-mv.de\/index.php?rest_route=\/wp\/v2\/types\/post"}],"author":[{"embeddable":true,"href":"https:\/\/www.ringen-mv.de\/index.php?rest_route=\/wp\/v2\/users\/2"}],"replies":[{"embeddable":true,"href":"https:\/\/www.ringen-mv.de\/index.php?rest_route=%2Fwp%2Fv2%2Fcomments&post=6731"}],"version-history":[{"count":2,"href":"https:\/\/www.ringen-mv.de\/index.php?rest_route=\/wp\/v2\/posts\/6731\/revisions"}],"predecessor-version":[{"id":6734,"href":"https:\/\/www.ringen-mv.de\/index.php?rest_route=\/wp\/v2\/posts\/6731\/revisions\/6734"}],"wp:attachment":[{"href":"https:\/\/www.ringen-mv.de\/index.php?rest_route=%2Fwp%2Fv2%2Fmedia&parent=6731"}],"wp:term":[{"taxonomy":"category","embeddable":true,"href":"https:\/\/www.ringen-mv.de\/index.php?rest_route=%2Fwp%2Fv2%2Fcategories&post=6731"},{"taxonomy":"post_tag","embeddable":true,"href":"https:\/\/www.ringen-mv.de\/index.php?rest_route=%2Fwp%2Fv2%2Ftags&post=6731"}],"curies":[{"name":"wp","href":"https:\/\/api.w.org\/{rel}","templated":true}]}}