{"id":6740,"date":"2025-07-16T12:48:37","date_gmt":"2025-07-16T10:48:37","guid":{"rendered":"https:\/\/www.ringen-mv.de\/?p=6740"},"modified":"2025-07-16T12:49:12","modified_gmt":"2025-07-16T10:49:12","slug":"kampfrichtervollversammlung-mit-neuwahlen-in-frankfurt-am-main","status":"publish","type":"post","link":"https:\/\/www.ringen-mv.de\/?p=6740","title":{"rendered":"Kampfrichtervollversammlung mit Neuwahlen in Frankfurt am Main"},"content":{"rendered":"<p><a href=\"https:\/\/www.ringen-mv.de\/wp-content\/uploads\/2025\/07\/Mario-Schmidt.jpg\"><img loading=\"lazy\" decoding=\"async\" class=\"alignleft size-medium wp-image-6741\" src=\"https:\/\/www.ringen-mv.de\/wp-content\/uploads\/2025\/07\/Mario-Schmidt-267x300.jpg\" alt=\"\" width=\"267\" height=\"300\" srcset=\"https:\/\/www.ringen-mv.de\/wp-content\/uploads\/2025\/07\/Mario-Schmidt-267x300.jpg 267w, https:\/\/www.ringen-mv.de\/wp-content\/uploads\/2025\/07\/Mario-Schmidt.jpg 467w\" sizes=\"auto, (max-width: 267px) 100vw, 267px\" \/><\/a>Am vergangenen Wochenende fand in Frankfurt am Main die Kampfrichtervollversammlung des Deutschen Ringer-Bundes einschlie\u00dflich der turnusm\u00e4\u00dfigen Neuwahlen statt.<br \/>\nDabei wurde Mario Schmidt (SAV Torgelow) als Stellvertretender Kampfrichterreferent in seinem Amt best\u00e4tigt.<br \/>\nIm Anschluss an die Vollversammlung wurde der diesj\u00e4hrige DRB-Kampfrichterlehrgang durchgef\u00fchrt. Dieser diente der Fortbildung, dem kollegialen Austausch sowie der Vorbereitung auf die anstehenden Wettkampfh\u00f6hepunkte der kommenden Monate.<br \/>\nIm Rahmen dieser Veranstaltung wurde Mario Schmidt die Ehrennadel in Silber des Deutschen Ringer-Bundes verliehen.<\/p>\n","protected":false},"excerpt":{"rendered":"<p>Am vergangenen Wochenende fand in Frankfurt am Main die Kampfrichtervollversammlung des Deutschen Ringer-Bundes einschlie\u00dflich der turnusm\u00e4\u00dfigen Neuwahlen statt. Dabei wurde Mario Schmidt (SAV Torgelow) als Stellvertretender Kampfrichterreferent in seinem Amt best\u00e4tigt. Im Anschluss an die Vollversammlung wurde der diesj\u00e4hrige DRB-Kampfrichterlehrgang durchgef\u00fchrt. Dieser diente der Fortbildung, dem kollegialen Austausch<\/p>\n","protected":false},"author":2,"featured_media":0,"comment_status":"open","ping_status":"open","sticky":false,"template":"","format":"standard","meta":{"footnotes":""},"categories":[1],"tags":[],"class_list":["post-6740","post","type-post","status-publish","format-standard","hentry","category-allgemein"],"_links":{"self":[{"href":"https:\/\/www.ringen-mv.de\/index.php?rest_route=\/wp\/v2\/posts\/6740","targetHints":{"allow":["GET"]}}],"collection":[{"href":"https:\/\/www.ringen-mv.de\/index.php?rest_route=\/wp\/v2\/posts"}],"about":[{"href":"https:\/\/www.ringen-mv.de\/index.php?rest_route=\/wp\/v2\/types\/post"}],"author":[{"embeddable":true,"href":"https:\/\/www.ringen-mv.de\/index.php?rest_route=\/wp\/v2\/users\/2"}],"replies":[{"embeddable":true,"href":"https:\/\/www.ringen-mv.de\/index.php?rest_route=%2Fwp%2Fv2%2Fcomments&post=6740"}],"version-history":[{"count":2,"href":"https:\/\/www.ringen-mv.de\/index.php?rest_route=\/wp\/v2\/posts\/6740\/revisions"}],"predecessor-version":[{"id":6743,"href":"https:\/\/www.ringen-mv.de\/index.php?rest_route=\/wp\/v2\/posts\/6740\/revisions\/6743"}],"wp:attachment":[{"href":"https:\/\/www.ringen-mv.de\/index.php?rest_route=%2Fwp%2Fv2%2Fmedia&parent=6740"}],"wp:term":[{"taxonomy":"category","embeddable":true,"href":"https:\/\/www.ringen-mv.de\/index.php?rest_route=%2Fwp%2Fv2%2Fcategories&post=6740"},{"taxonomy":"post_tag","embeddable":true,"href":"https:\/\/www.ringen-mv.de\/index.php?rest_route=%2Fwp%2Fv2%2Ftags&post=6740"}],"curies":[{"name":"wp","href":"https:\/\/api.w.org\/{rel}","templated":true}]}}