{"id":6767,"date":"2025-09-22T10:52:38","date_gmt":"2025-09-22T08:52:38","guid":{"rendered":"https:\/\/www.ringen-mv.de\/?p=6767"},"modified":"2025-09-22T10:52:38","modified_gmt":"2025-09-22T08:52:38","slug":"kuestenkaempfer-gewinnen-die-jugendliga","status":"publish","type":"post","link":"https:\/\/www.ringen-mv.de\/?p=6767","title":{"rendered":"K\u00fcstenk\u00e4mpfer gewinnen die Jugendliga"},"content":{"rendered":"<p><a href=\"https:\/\/www.ringen-mv.de\/wp-content\/uploads\/2025\/09\/Mannschaft-KG-Kuestenkaempfer.jpg\"><img loading=\"lazy\" decoding=\"async\" class=\"alignleft size-medium wp-image-6768\" src=\"https:\/\/www.ringen-mv.de\/wp-content\/uploads\/2025\/09\/Mannschaft-KG-Kuestenkaempfer-300x225.jpg\" alt=\"\" width=\"300\" height=\"225\" srcset=\"https:\/\/www.ringen-mv.de\/wp-content\/uploads\/2025\/09\/Mannschaft-KG-Kuestenkaempfer-300x225.jpg 300w, https:\/\/www.ringen-mv.de\/wp-content\/uploads\/2025\/09\/Mannschaft-KG-Kuestenkaempfer-768x576.jpg 768w, https:\/\/www.ringen-mv.de\/wp-content\/uploads\/2025\/09\/Mannschaft-KG-Kuestenkaempfer.jpg 800w\" sizes=\"auto, (max-width: 300px) 100vw, 300px\" \/><\/a>Die Ringer aus Mecklenburg-Vorpommern (MV) haben sich erneut als starke Kraft in der Jugendliga Nord etabliert. Seit der Einf\u00fchrung der Liga im Jahr 2018 haben die K\u00fcstenk\u00e4mpfer bemerkenswerte Erfolge erzielt: Sie gewannen die Meisterschaft 2018 und 2019, wurden 2020 Vize-Meister und konnten in den Folgejahren wieder den ersten Platz erk\u00e4mpfen. Diese beeindruckende Bilanz setzt sich auch in diesem Jahr fort.<\/p>\n<p><!--more-->Die diesj\u00e4hrige Veranstaltung fand in Stralsund statt und brachte f\u00fcnf starke Mannschaften zusammen: Torgelow, Hamburg, Team Erzgebirge, Ringeradler Brandenburg und nat\u00fcrlich die Gastgeber KG K\u00fcstenk\u00e4mpfer, bestehend aus Athleten aus Stralsund, L\u00fcbtheen und Warnem\u00fcnde. Die Atmosph\u00e4re in der Halle war von Spannung und Teamgeist gepr\u00e4gt, w\u00e4hrend die jungen Ringer ihr Bestes gaben.<\/p>\n<p>Ein Highlight waren die Starter der KG K\u00fcstenk\u00e4mpfer, darunter zwei Deutsche Meister aus Stralsund und ein Drittplatzierter aus Warnem\u00fcnde in der Altersklasse U 14. Diese Talente sind nicht nur eine Freude f\u00fcr ihre Trainer, sondern auch ein Zeichen der erstklassigen Nachwuchsarbeit, die in den Vereinen von MV geleistet wird.<\/p>\n<p>Die zweite Mannschaft aus Torgelow, obwohl sie noch keinen Mannschaftskampf f\u00fcr sich entscheiden konnte, zeigte gro\u00dfes Potenzial und Kampfgeist. Ihr Auftreten l\u00e4sst darauf schlie\u00dfen, dass sie in den kommenden Jahren sicherlich eine st\u00e4rkere Rolle in der Liga spielen werden.<\/p>\n<p>Die Verantwortlichen des RV MV sind sich einig, dass der kontinuierliche Erfolg der K\u00fcstenk\u00e4mpfer und anderer Teams in der Region nicht nur auf die individuellen Leistungen zur\u00fcckzuf\u00fchren ist, sondern vor allem auf die hervorragende Nachwuchsf\u00f6rderung. Mit motivierten Trainern und einer starken Gemeinschaft im Hintergrund scheint die Zukunft f\u00fcr den Ringkampfsport in Mecklenburg-Vorpommern rosig zu sein. Es bleibt spannend, was die n\u00e4chsten Jahre bringen werden!<\/p>\n","protected":false},"excerpt":{"rendered":"<p>Die Ringer aus Mecklenburg-Vorpommern (MV) haben sich erneut als starke Kraft in der Jugendliga Nord etabliert. Seit der Einf\u00fchrung der Liga im Jahr 2018 haben die K\u00fcstenk\u00e4mpfer bemerkenswerte Erfolge erzielt: Sie gewannen die Meisterschaft 2018 und 2019, wurden 2020 Vize-Meister und konnten in den Folgejahren wieder den ersten<\/p>\n","protected":false},"author":2,"featured_media":0,"comment_status":"open","ping_status":"open","sticky":false,"template":"","format":"standard","meta":{"footnotes":""},"categories":[1],"tags":[],"class_list":["post-6767","post","type-post","status-publish","format-standard","hentry","category-allgemein"],"_links":{"self":[{"href":"https:\/\/www.ringen-mv.de\/index.php?rest_route=\/wp\/v2\/posts\/6767","targetHints":{"allow":["GET"]}}],"collection":[{"href":"https:\/\/www.ringen-mv.de\/index.php?rest_route=\/wp\/v2\/posts"}],"about":[{"href":"https:\/\/www.ringen-mv.de\/index.php?rest_route=\/wp\/v2\/types\/post"}],"author":[{"embeddable":true,"href":"https:\/\/www.ringen-mv.de\/index.php?rest_route=\/wp\/v2\/users\/2"}],"replies":[{"embeddable":true,"href":"https:\/\/www.ringen-mv.de\/index.php?rest_route=%2Fwp%2Fv2%2Fcomments&post=6767"}],"version-history":[{"count":1,"href":"https:\/\/www.ringen-mv.de\/index.php?rest_route=\/wp\/v2\/posts\/6767\/revisions"}],"predecessor-version":[{"id":6769,"href":"https:\/\/www.ringen-mv.de\/index.php?rest_route=\/wp\/v2\/posts\/6767\/revisions\/6769"}],"wp:attachment":[{"href":"https:\/\/www.ringen-mv.de\/index.php?rest_route=%2Fwp%2Fv2%2Fmedia&parent=6767"}],"wp:term":[{"taxonomy":"category","embeddable":true,"href":"https:\/\/www.ringen-mv.de\/index.php?rest_route=%2Fwp%2Fv2%2Fcategories&post=6767"},{"taxonomy":"post_tag","embeddable":true,"href":"https:\/\/www.ringen-mv.de\/index.php?rest_route=%2Fwp%2Fv2%2Ftags&post=6767"}],"curies":[{"name":"wp","href":"https:\/\/api.w.org\/{rel}","templated":true}]}}