{"id":6822,"date":"2025-12-15T09:22:48","date_gmt":"2025-12-15T08:22:48","guid":{"rendered":"https:\/\/www.ringen-mv.de\/?p=6822"},"modified":"2025-12-17T13:31:00","modified_gmt":"2025-12-17T12:31:00","slug":"6822","status":"publish","type":"post","link":"https:\/\/www.ringen-mv.de\/?p=6822","title":{"rendered":"Sportler des Jahres 2025"},"content":{"rendered":"<p><a href=\"https:\/\/www.ringen-mv.de\/wp-content\/uploads\/2025\/12\/jugendliga_2025.jpg\"><img loading=\"lazy\" decoding=\"async\" class=\"alignleft size-medium wp-image-6824\" src=\"https:\/\/www.ringen-mv.de\/wp-content\/uploads\/2025\/12\/jugendliga_2025-300x206.jpg\" alt=\"\" width=\"300\" height=\"206\" srcset=\"https:\/\/www.ringen-mv.de\/wp-content\/uploads\/2025\/12\/jugendliga_2025-300x206.jpg 300w, https:\/\/www.ringen-mv.de\/wp-content\/uploads\/2025\/12\/jugendliga_2025-768x526.jpg 768w, https:\/\/www.ringen-mv.de\/wp-content\/uploads\/2025\/12\/jugendliga_2025.jpg 1000w\" sizes=\"auto, (max-width: 300px) 100vw, 300px\" \/><\/a>Steven Ecker vom SV Warnem\u00fcnde ist Kandidat f\u00fcr die Sportlerwahl 2025 als \u201eSportler des Jahres\u201c.<br \/>\nAu\u00dferdem ist die KG K\u00fcstenk\u00e4mpfer als \u201eNachwuchsteam des Jahres&#8220; nominiert.<\/p>\n<p>Jetzt Voten unter:<br \/>\n<a href=\"https:\/\/www.mv-sportlerdesjahres.de\/kandidaten\/steven-ecker\/\">https:\/\/www.mv-sportlerdesjahres.de\/kandidaten\/steven-ecker\/<\/a><\/p>\n<p><a href=\"https:\/\/www.mv-sportlerdesjahres.de\/kandidaten\/kg-kuestenkaempfer\/\">https:\/\/www.mv-sportlerdesjahres.de\/kandidaten\/kg-kuestenkaempfer\/<\/a><!--more--><\/p>\n<p><a href=\"https:\/\/www.ringen-mv.de\/wp-content\/uploads\/2025\/12\/steven_ecker_2_2023-11-25.jpg\"><img loading=\"lazy\" decoding=\"async\" class=\"size-medium wp-image-6823 aligncenter\" src=\"https:\/\/www.ringen-mv.de\/wp-content\/uploads\/2025\/12\/steven_ecker_2_2023-11-25-242x300.jpg\" alt=\"\" width=\"242\" height=\"300\" srcset=\"https:\/\/www.ringen-mv.de\/wp-content\/uploads\/2025\/12\/steven_ecker_2_2023-11-25-242x300.jpg 242w, https:\/\/www.ringen-mv.de\/wp-content\/uploads\/2025\/12\/steven_ecker_2_2023-11-25.jpg 443w\" sizes=\"auto, (max-width: 242px) 100vw, 242px\" \/><\/a><\/p>\n","protected":false},"excerpt":{"rendered":"<p>Steven Ecker vom SV Warnem\u00fcnde ist Kandidat f\u00fcr die Sportlerwahl 2025 als \u201eSportler des Jahres\u201c. Au\u00dferdem ist die KG K\u00fcstenk\u00e4mpfer als \u201eNachwuchsteam des Jahres&#8220; nominiert. Jetzt Voten unter: https:\/\/www.mv-sportlerdesjahres.de\/kandidaten\/steven-ecker\/ https:\/\/www.mv-sportlerdesjahres.de\/kandidaten\/kg-kuestenkaempfer\/<\/p>\n","protected":false},"author":2,"featured_media":0,"comment_status":"open","ping_status":"open","sticky":false,"template":"","format":"standard","meta":{"footnotes":""},"categories":[1,17],"tags":[],"class_list":["post-6822","post","type-post","status-publish","format-standard","hentry","category-allgemein","category-warnemunde"],"_links":{"self":[{"href":"https:\/\/www.ringen-mv.de\/index.php?rest_route=\/wp\/v2\/posts\/6822","targetHints":{"allow":["GET"]}}],"collection":[{"href":"https:\/\/www.ringen-mv.de\/index.php?rest_route=\/wp\/v2\/posts"}],"about":[{"href":"https:\/\/www.ringen-mv.de\/index.php?rest_route=\/wp\/v2\/types\/post"}],"author":[{"embeddable":true,"href":"https:\/\/www.ringen-mv.de\/index.php?rest_route=\/wp\/v2\/users\/2"}],"replies":[{"embeddable":true,"href":"https:\/\/www.ringen-mv.de\/index.php?rest_route=%2Fwp%2Fv2%2Fcomments&post=6822"}],"version-history":[{"count":4,"href":"https:\/\/www.ringen-mv.de\/index.php?rest_route=\/wp\/v2\/posts\/6822\/revisions"}],"predecessor-version":[{"id":6832,"href":"https:\/\/www.ringen-mv.de\/index.php?rest_route=\/wp\/v2\/posts\/6822\/revisions\/6832"}],"wp:attachment":[{"href":"https:\/\/www.ringen-mv.de\/index.php?rest_route=%2Fwp%2Fv2%2Fmedia&parent=6822"}],"wp:term":[{"taxonomy":"category","embeddable":true,"href":"https:\/\/www.ringen-mv.de\/index.php?rest_route=%2Fwp%2Fv2%2Fcategories&post=6822"},{"taxonomy":"post_tag","embeddable":true,"href":"https:\/\/www.ringen-mv.de\/index.php?rest_route=%2Fwp%2Fv2%2Ftags&post=6822"}],"curies":[{"name":"wp","href":"https:\/\/api.w.org\/{rel}","templated":true}]}}