{"id":704,"date":"2012-11-24T01:24:55","date_gmt":"2012-11-23T23:24:55","guid":{"rendered":"http:\/\/www.sav-torgelow-ringen.de\/RV%20MV2\/wordpress_341-de\/wordpress\/?p=704"},"modified":"2012-11-29T01:27:30","modified_gmt":"2012-11-28T23:27:30","slug":"1-punkt-entscheidet-uber-sieg-und-niederlage-beim-ersten-heimkampf-der-kg-lubtheendemmin","status":"publish","type":"post","link":"https:\/\/www.ringen-mv.de\/?p=704","title":{"rendered":"1 Punkt entscheidet \u00fcber Sieg und Niederlage beim ersten Heimkampf der KG L\u00fcbtheen\/Demmin"},"content":{"rendered":"<p style=\"text-align: justify;\"><a href=\"http:\/\/www.ringen-mv.de\/wp-content\/uploads\/2012\/11\/logonewsmall.png\"><img loading=\"lazy\" decoding=\"async\" class=\"alignleft  wp-image-659\" title=\"logonewsmall\" src=\"http:\/\/www.ringen-mv.de\/wp-content\/uploads\/2012\/11\/logonewsmall.png\" alt=\"\" width=\"150\" height=\"171\" \/><\/a>Der erste Heimkampf der Saison beim Nachwuchsteam des RVL\u00a0 h\u00e4tte spannender nicht sein k\u00f6nnen. Die Jugendliga\u00a0 KG L\u00fcbtheen\/Demmin hatte aber zuerst einen Fototermin wahrzunehmen. Dank der finanziellen Unterst\u00fctzung der Fu\u00dfbodenleger-Firma Oliver Kretschmann, der es sich nicht nehmen lie\u00df pers\u00f6nlich anwesend zu sein, zeigten sich die Sportler der Jugendliga in einheitlichen Rot.<\/p>\n<p style=\"text-align: justify;\"><!--more--><\/p>\n<p style=\"text-align: justify;\">Bald darauf begannen die Mannschaftsk\u00e4mpfe, die unter den Augen einiger Zuschauer und anwesenden Eltern ausgetragen wurden. Die Hinrunde auf Matten der\u00a0 KG Frankfurt\/Oderst\u00e4dter gab das Endergebnis von 23:16. Dieses Mal fanden die Begegnungen auf heimischen Matten statt und dementsprechend gro\u00df waren die Erwartungen aller\u00a0 an das Team der Jugendligaringer unter Trainer Jens-Peter Sievertsen.<\/p>\n<p style=\"text-align: justify;\"><a href=\"http:\/\/www.ringen-luebtheen.de\/?p=1042\" target=\"_blank\">&gt;&gt; weiterlesen<\/a><\/p>\n","protected":false},"excerpt":{"rendered":"<p>Der erste Heimkampf der Saison beim Nachwuchsteam des RVL\u00a0 h\u00e4tte spannender nicht sein k\u00f6nnen. Die Jugendliga\u00a0 KG L\u00fcbtheen\/Demmin hatte aber zuerst einen Fototermin wahrzunehmen. Dank der finanziellen Unterst\u00fctzung der Fu\u00dfbodenleger-Firma Oliver Kretschmann, der es sich nicht nehmen lie\u00df pers\u00f6nlich anwesend zu sein, zeigten sich die Sportler der Jugendliga<\/p>\n","protected":false},"author":1,"featured_media":0,"comment_status":"open","ping_status":"open","sticky":false,"template":"","format":"standard","meta":{"footnotes":""},"categories":[11,4],"tags":[],"class_list":["post-704","post","type-post","status-publish","format-standard","hentry","category-demmin","category-lubtheen"],"_links":{"self":[{"href":"https:\/\/www.ringen-mv.de\/index.php?rest_route=\/wp\/v2\/posts\/704","targetHints":{"allow":["GET"]}}],"collection":[{"href":"https:\/\/www.ringen-mv.de\/index.php?rest_route=\/wp\/v2\/posts"}],"about":[{"href":"https:\/\/www.ringen-mv.de\/index.php?rest_route=\/wp\/v2\/types\/post"}],"author":[{"embeddable":true,"href":"https:\/\/www.ringen-mv.de\/index.php?rest_route=\/wp\/v2\/users\/1"}],"replies":[{"embeddable":true,"href":"https:\/\/www.ringen-mv.de\/index.php?rest_route=%2Fwp%2Fv2%2Fcomments&post=704"}],"version-history":[{"count":1,"href":"https:\/\/www.ringen-mv.de\/index.php?rest_route=\/wp\/v2\/posts\/704\/revisions"}],"predecessor-version":[{"id":705,"href":"https:\/\/www.ringen-mv.de\/index.php?rest_route=\/wp\/v2\/posts\/704\/revisions\/705"}],"wp:attachment":[{"href":"https:\/\/www.ringen-mv.de\/index.php?rest_route=%2Fwp%2Fv2%2Fmedia&parent=704"}],"wp:term":[{"taxonomy":"category","embeddable":true,"href":"https:\/\/www.ringen-mv.de\/index.php?rest_route=%2Fwp%2Fv2%2Fcategories&post=704"},{"taxonomy":"post_tag","embeddable":true,"href":"https:\/\/www.ringen-mv.de\/index.php?rest_route=%2Fwp%2Fv2%2Ftags&post=704"}],"curies":[{"name":"wp","href":"https:\/\/api.w.org\/{rel}","templated":true}]}}