{"id":73,"date":"2012-09-05T08:27:56","date_gmt":"2012-09-05T06:27:56","guid":{"rendered":"http:\/\/www.sav-torgelow-ringen.de\/RV%20MV2\/wordpress_341-de\/wordpress\/?p=73"},"modified":"2012-09-06T11:39:34","modified_gmt":"2012-09-06T09:39:34","slug":"ringen-junioren-weltmeisterschaften-in-pattaya-thailand-gestartet","status":"publish","type":"post","link":"https:\/\/www.ringen-mv.de\/?p=73","title":{"rendered":"Ringen \/ Junioren-Weltmeisterschaften in Pattaya (Thailand) gestartet"},"content":{"rendered":"<h5><a href=\"http:\/\/www.ringen-mv.de\/wp-content\/uploads\/2012\/09\/logo-sav-torgelow.png\"><img loading=\"lazy\" decoding=\"async\" class=\"alignleft  wp-image-181\" title=\"logo sav torgelow\" src=\"http:\/\/www.ringen-mv.de\/wp-content\/uploads\/2012\/09\/logo-sav-torgelow-150x150.png\" alt=\"\" width=\"150\" height=\"150\" \/><\/a>WM-Silber, gleich am ersten Wettkampftag f\u00fcr deutsche Ringer<br \/>\nDRB-Ringer Peter Oehler k\u00e4mpft sich bis ins Finale und wird Vizeweltmeister<\/h5>\n<p>&nbsp;<\/p>\n<p>Pattaya \u2013 Die Junioren-Weltmeisterschaften in Pattaya (Thailand) begannen f\u00fcr die deutschen Ringer gleich mit einem Paukenschlag, denn Peter Oehler (96 kg\/RKG Freiburg 2000) erk\u00e4mpfte gleich am ersten Wettkampftag die Silbermedaille im griechisch-r\u00f6mischen Stil f\u00fcr den Deutschen Ringer- Bund. Damit schlie\u00dfen die Junioren nahtlos an die Leistungen der Kadetten an, die vor zwei Wochen bei den WM-Titelk\u00e4mpfen ihrer Altersklasse in Baku (Aserbaidschan) mit zweimal Silber durch Luisa Niemesch (52 kg\/SV Weingarten) und Eva Sauer (49 kg\/VfK Schifferstadt) gl\u00e4nzten, sowie durch Etka Sever (120 kg\/GR\/VfK Schifferstadt), der am letzten Kampftag Bronze gewann.<\/p>\n<h4><!--more--><\/h4>\n<p>Jubel vor allem im Ringer-Leistungsst\u00fctzpunkt Freiburg, wo die beiden Silbermedaillengewinnerinnen Niemesch und Sauer trainieren, aber auch Peter Oehler, der erst vergangenes Jahr von M\u00fchlenbach nach Freiburg wechselte. Doch nicht nur der Ortswechsel, auch der Gewichtswechsel ins h\u00f6here Limit bis 96 kg tat dem S\u00fcdbadener gut, der schon 2011 bei den Junioren-Weltmeisterschaften in Bukarest (Rum\u00e4nien) ins kleine Finale einzog, dort jedoch unterlag und Platz 5 belegte. \u201eWar das damals noch eine etwas kurzfristige Entscheidung in der h\u00f6heren Gewichtsklasse zu starten, so ist Peter nun in diese Kategorie hineingewachsen\u201c, verspricht sich auch Nachwuchs-Bundestrainer Maik Bullmann von Oehle<\/p>\n<p>r noch einiges. \u00a0Der DRB ist in diesem Limit stark aufgestellt, bei den Europameisterschaften 2012 in Zagreb (Kroatien) kratzte Gabriel Fix (ASV Urloffen) an den Medaillenr\u00e4ngen, wurde am Ende F\u00fcnfter, nun gewann Peter Oehler WM-Silber.<\/p>\n<p>Doch nun hallt Jubel aus dem deutschen Lager vom fernen Thailand, bis her\u00fcber nach Deutschland, die erste Medaille wurde gleich am ersten Wettkampftag erk\u00e4mpft- und der DRB hat noch einige \u201ahei\u00dfe Eisen\u2018 im Feuer von Pattaya. \u201eDas war eine starke Turnierleistung, leider hatte Peter bei der Auslosung der Bodenrunde im Finalduell etwas Pech, sonst w\u00e4re er hier wohl Weltmeister geworden\u201c, wich auch bei JuniorenTrainer Maik Bullmann der \u00c4rger \u00fcber die Finalniederlage schnell der Freude \u00fcber WM-Silber seines Sch\u00fctzlings.<\/p>\n<h5>Der erste Kampftag<\/h5>\n<p>&nbsp;<\/p>\n<p>Peter Oehler musste die erste Runde seines Auftaktduells an den Chinesen Wenhao Shi mit 0:2 abgeben, doch drehte der S\u00fcdbadener den Kampf in den beiden Folgerunden noch mit 1:0 und 6:0 zu seinen Gunsten. Gegen den starken Iraner Saman Noroozi gewann Oehler im Achtelfinale mit jeweils 2:0 in zwei Kampfrunden. Mit Iakobi Kajaia (Georgien) wartete im Viertelfinale der diesj\u00e4hrige Bronzemedaillengewinner der Europameisterschaften von Zagreb (Kroatien) auf den Deutschen, doch der legte schnell seinen Respekt ab und gewann mit jeweils 2:0 in beiden Kampfrunden. Auch Oehlers Halbfinalkontrahent Samir Voloshanin (Ukraine) ist kein Unbekannter, 2010 war der Ukrainer bereits schon einmal Europameister bei den Kadetten. Doch auch diesen Gegner warf Peter Oehler mit 1:0 und 2:0 aus dem Rennen und zog in den Endkampf ein. Gegen Vilius Laurinaitis (Litauen) schien der DRB-Halbschwergewichtler schon fast auf der Siegerstra\u00dfe, denn er gewann die erste Runde. Doch dann wendete sich das Losgl\u00fcck im Bodenkampf von Oehler ab und der Litauer punktete in den beiden Folgerunden mit jeweils 1:0 und dr\u00e4ngte den Deutschen damit in letzter Sekunde auf den Silberrang ab. Doch der \u00c4rger \u00fcber die Niederlage w\u00e4hrte im deutschen Lager nicht lange und wich sp\u00e4testens bei der Siegerehrung der Freude \u00fcber den 2. Platz.<\/p>\n<p>Im Limit bis 60 kg k\u00e4mpfte am ersten WM-Tag in Pattaya Alexander Grebensikov (SAV Torgelow), der im Leistungszentrum Frankfurt(O.) lernt und trainiert. Wie schon bei den Europameisterschaften in Zagreb, kam der Deutsche Meister auch in Pattaya nicht \u00fcber den ersten Kampf hinaus. Zwar gewann Grebensikov die erste Runde gegen Cheol Jeong (Nordkorea) mit 5:1, doch unterlag der Deutsche in den beiden Folgerunden mit 0:2 und 0:3 und schied aus, da der Ringer aus Nordkorea das Finale verfehlte.<\/p>\n<p>Pascal Eisele(SV Fahrenbach) trat im Limit bis 84 kg auf die Matte und hatte Tags zuvor, beim Wiegen mit Shamil Ertugannov (Aserbaidschan) den diesj\u00e4hrigen EM-Bronzemedaillengewinner als Kontrahenten aus den Lostopf, gegen den er in 1:2 Runden(2:2, 1:0, 0:1) nur hauchd\u00fcnn unterlag. Ertuganov verlor seinen Viertelfinalkampf und zerst\u00f6rte damit die Hoffnungen, von Pascal Eisele, \u00fcber die Hoffnungsrunde in die K\u00e4mpfe um Bronze eingreifen zu k\u00f6nnen, denn das d\u00fcrfen nur die Kontrahenten der beiden Finalisten.<\/p>\n<p>Am Mittwoch k\u00e4mpfen mit Ibrahim Fallacara (55 kg\/KSC Niedernberg), Marc-Antonio von Tugginer (66 kg\/KV Riegelsberg), dem Kadetten-Weltmeister von 2011 Denis Kudla (84 kg\/VfK Schifferstadt) und dem frischgebackenen Europameister Christian John (120 kg\/Eisenh\u00fcttenst\u00e4dter RC) gleich vier deutsche Ringer um Titel und Medaillen in ihren jeweiligen Gewichtsklassen.<\/p>\n","protected":false},"excerpt":{"rendered":"<p>WM-Silber, gleich am ersten Wettkampftag f\u00fcr deutsche Ringer DRB-Ringer Peter Oehler k\u00e4mpft sich bis ins Finale und wird Vizeweltmeister &nbsp; Pattaya \u2013 Die Junioren-Weltmeisterschaften in Pattaya (Thailand) begannen f\u00fcr die deutschen Ringer gleich mit einem Paukenschlag, denn Peter Oehler (96 kg\/RKG Freiburg 2000) erk\u00e4mpfte gleich am ersten Wettkampftag<\/p>\n","protected":false},"author":1,"featured_media":0,"comment_status":"open","ping_status":"open","sticky":false,"template":"","format":"standard","meta":{"footnotes":""},"categories":[8],"tags":[],"class_list":["post-73","post","type-post","status-publish","format-standard","hentry","category-torgelow"],"_links":{"self":[{"href":"https:\/\/www.ringen-mv.de\/index.php?rest_route=\/wp\/v2\/posts\/73","targetHints":{"allow":["GET"]}}],"collection":[{"href":"https:\/\/www.ringen-mv.de\/index.php?rest_route=\/wp\/v2\/posts"}],"about":[{"href":"https:\/\/www.ringen-mv.de\/index.php?rest_route=\/wp\/v2\/types\/post"}],"author":[{"embeddable":true,"href":"https:\/\/www.ringen-mv.de\/index.php?rest_route=\/wp\/v2\/users\/1"}],"replies":[{"embeddable":true,"href":"https:\/\/www.ringen-mv.de\/index.php?rest_route=%2Fwp%2Fv2%2Fcomments&post=73"}],"version-history":[{"count":7,"href":"https:\/\/www.ringen-mv.de\/index.php?rest_route=\/wp\/v2\/posts\/73\/revisions"}],"predecessor-version":[{"id":77,"href":"https:\/\/www.ringen-mv.de\/index.php?rest_route=\/wp\/v2\/posts\/73\/revisions\/77"}],"wp:attachment":[{"href":"https:\/\/www.ringen-mv.de\/index.php?rest_route=%2Fwp%2Fv2%2Fmedia&parent=73"}],"wp:term":[{"taxonomy":"category","embeddable":true,"href":"https:\/\/www.ringen-mv.de\/index.php?rest_route=%2Fwp%2Fv2%2Fcategories&post=73"},{"taxonomy":"post_tag","embeddable":true,"href":"https:\/\/www.ringen-mv.de\/index.php?rest_route=%2Fwp%2Fv2%2Ftags&post=73"}],"curies":[{"name":"wp","href":"https:\/\/api.w.org\/{rel}","templated":true}]}}