{"id":78,"date":"2012-09-03T08:31:03","date_gmt":"2012-09-03T06:31:03","guid":{"rendered":"http:\/\/www.sav-torgelow-ringen.de\/RV%20MV2\/wordpress_341-de\/wordpress\/?p=78"},"modified":"2012-09-05T11:29:53","modified_gmt":"2012-09-05T09:29:53","slug":"grebensikov-zur-ringer-wm-nach-thailand","status":"publish","type":"post","link":"https:\/\/www.ringen-mv.de\/?p=78","title":{"rendered":"Grebensikov zur Ringer-WM nach Thailand"},"content":{"rendered":"<p><a href=\"http:\/\/www.sav-torgelow-ringen.de\/RV%20MV2\/wordpress_341-de\/wordpress\/wp-content\/uploads\/2012\/09\/Alexander_Grebensikov.jpg\"><img loading=\"lazy\" decoding=\"async\" class=\"alignleft size-thumbnail wp-image-120\" title=\"Alexander\" src=\"http:\/\/www.sav-torgelow-ringen.de\/RV%20MV2\/wordpress_341-de\/wordpress\/wp-content\/uploads\/2012\/09\/Alexander_Grebensikov-150x150.jpg\" alt=\"\" width=\"150\" height=\"150\" \/><\/a>Auf gro\u00dfe Reise geht es f\u00fcr Torgelows Ringertalent Alexander Grebensikov in der ersten September Woche. Zusammen mit einer Auswahl des deutschen Ringerbundes geht es 10 Stunden im Flieger nach Pattaya (Thailand) zu den Junioren-Weltmeisterschaften. Der 18-j\u00e4hrige Deutsche Juniorenmeister und Dritter der M\u00e4nnermeisterschaften will es diesmal bei der WM besser machen als zur EM 2012 wo er ungl\u00fccklich in der Vorrunde gegen den finnischen Starter scheiterte.<\/p>\n<p><strong><!--more--><\/strong><\/p>\n<p>Hier zur WM in Pattaya gehen viele Exoten\u20ac\u009d an den Start, da steigen dann auch die Chancen auf eine l\u00f6sbare Aufgabe. F\u00fcr die Mannschaftssaison hat der Abiturient der Elitesportschule Frankfurt\/Oder das Team gewechselt, nach der Aufl\u00f6sung der K\u00fcstenringer wechselt er nach Absprache mit seinen Verantwortlichen zur Regionalligamannschaft des RSV Hansa 90 Frankfurt\/Oder. Bei Einzelturnieren und Meisterschaften wird Alex allerdings weiterhin f\u00fcr den SAV Torgelow auf die Matte treten. Nun hei\u00dft es k\u00fchlen Kopf bewahren beim WM-Start im fernen Osten, Bundestrainer Maik Bullmann ist mit fast einer kompletten Mannschaft vor Ort und Torgelows Hoffnungen gehen dann mit ihrem Alex am 04.September an den Start.<\/p>\n","protected":false},"excerpt":{"rendered":"<p>Auf gro\u00dfe Reise geht es f\u00fcr Torgelows Ringertalent Alexander Grebensikov in der ersten September Woche. Zusammen mit einer Auswahl des deutschen Ringerbundes geht es 10 Stunden im Flieger nach Pattaya (Thailand) zu den Junioren-Weltmeisterschaften. Der 18-j\u00e4hrige Deutsche Juniorenmeister und Dritter der M\u00e4nnermeisterschaften will es diesmal bei der WM<\/p>\n","protected":false},"author":1,"featured_media":0,"comment_status":"open","ping_status":"open","sticky":false,"template":"","format":"standard","meta":{"footnotes":""},"categories":[1,8],"tags":[],"class_list":["post-78","post","type-post","status-publish","format-standard","hentry","category-allgemein","category-torgelow"],"_links":{"self":[{"href":"https:\/\/www.ringen-mv.de\/index.php?rest_route=\/wp\/v2\/posts\/78","targetHints":{"allow":["GET"]}}],"collection":[{"href":"https:\/\/www.ringen-mv.de\/index.php?rest_route=\/wp\/v2\/posts"}],"about":[{"href":"https:\/\/www.ringen-mv.de\/index.php?rest_route=\/wp\/v2\/types\/post"}],"author":[{"embeddable":true,"href":"https:\/\/www.ringen-mv.de\/index.php?rest_route=\/wp\/v2\/users\/1"}],"replies":[{"embeddable":true,"href":"https:\/\/www.ringen-mv.de\/index.php?rest_route=%2Fwp%2Fv2%2Fcomments&post=78"}],"version-history":[{"count":6,"href":"https:\/\/www.ringen-mv.de\/index.php?rest_route=\/wp\/v2\/posts\/78\/revisions"}],"predecessor-version":[{"id":119,"href":"https:\/\/www.ringen-mv.de\/index.php?rest_route=\/wp\/v2\/posts\/78\/revisions\/119"}],"wp:attachment":[{"href":"https:\/\/www.ringen-mv.de\/index.php?rest_route=%2Fwp%2Fv2%2Fmedia&parent=78"}],"wp:term":[{"taxonomy":"category","embeddable":true,"href":"https:\/\/www.ringen-mv.de\/index.php?rest_route=%2Fwp%2Fv2%2Fcategories&post=78"},{"taxonomy":"post_tag","embeddable":true,"href":"https:\/\/www.ringen-mv.de\/index.php?rest_route=%2Fwp%2Fv2%2Ftags&post=78"}],"curies":[{"name":"wp","href":"https:\/\/api.w.org\/{rel}","templated":true}]}}